{"id":4873,"date":"2020-02-17T16:07:56","date_gmt":"2020-02-17T14:07:56","guid":{"rendered":"https:\/\/www.schneider-chauffeur.de\/foires-et-evenements\/prowein\/"},"modified":"2026-08-07T15:03:58","modified_gmt":"2026-08-07T13:03:58","slug":"prowein-in-duesseldorf","status":"publish","type":"post","link":"https:\/\/www.schneider-chauffeur.de\/fr\/foires-et-evenements\/prowein-in-duesseldorf\/","title":{"rendered":"ProWein Dusseldorf | 07\/03\/2027 &#8211; 09\/03\/2027"},"content":{"rendered":"<p><!--more--><\/p>\n<style>@media (max-width: 767px) {\n  .schneider-prowein-mobile-preview {\n    font-size: 17px;\n    line-height: 1.68;\n  }\n  .schneider-prowein-mobile-preview p {\n    margin-bottom: 1.15rem;\n  }\n  .schneider-prowein-mobile-preview h2 {\n    clear: both;\n    margin-top: 2rem;\n    margin-bottom: 0.85rem;\n    line-height: 1.25;\n  }\n  .schneider-prowein-mobile-preview img.alignleft,\n  .schneider-prowein-mobile-preview img.alignright,\n  .schneider-prowein-mobile-preview img.inline-image {\n    float: none !important;\n    display: block;\n    width: 100%;\n    max-width: 420px;\n    height: auto;\n    margin: 1.35rem auto;\n  }\n  .schneider-prowein-mobile-preview a.button {\n    display: block;\n    width: 100%;\n    max-width: none !important;\n    box-sizing: border-box;\n    margin: 1.4rem 0;\n    padding: 0.95rem 1rem;\n    text-align: center;\n    white-space: normal;\n    line-height: 1.3;\n  }\n  .schneider-prowein-mobile-preview ul {\n    padding-left: 1.15rem;\n    margin: 1rem 0 1.4rem;\n  }\n  .schneider-prowein-mobile-preview li {\n    margin-bottom: 0.55rem;\n  }\n}\n<\/style>\n<div class=\"schneider-prowein-mobile-preview\">\n<p><strong>ProWein 2027<\/strong> aura lieu a Dusseldorf du <strong>7 au 9 mars 2027<\/strong>. Si vous vous rendez au salon comme exposant, visiteur, acheteur ou equipe internationale, une mobilite fiable fait partie des points essentiels de votre organisation. Schneider Chauffeurservice organise votre <strong>transfert ProWein a Dusseldorf<\/strong> avec confort, discretion et selon votre programme de la journee.<\/p>\n<p>Nous vous conduisons directement a Messe Dusseldorf depuis l aeroport de Dusseldorf, votre hotel ou votre entreprise. Apres la fermeture du salon, nous pouvons egalement assurer le trajet vers un diner, un rendez-vous client ou un evenement d equipe en ville, puis raccompagner vos invites de maniere fiable a leur hotel.<\/p>\n<p>Notre accompagnement avec chauffeur a l heure ou a la journee pendant ProWein est particulierement confortable : sur demande, votre chauffeur reste en disponibilite pres du parc des expositions et peut etre appele de facon flexible. Si quelque chose a ete oublie a l hotel, si un changement rapide de tenue est necessaire, si des documents ou de petites courses doivent etre organises, ou si des invites supplementaires doivent etre pris en charge a l hotel et conduits au salon, le chauffeur reste disponible en arriere-plan comme assistant discret. Vous et vos invites restez mobiles sans devoir organiser un nouveau trajet a chaque fois.<\/p>\n<p><img loading=\"lazy\" decoding=\"async\" class=\"alignleft size-medium wp-image-7557\" src=\"https:\/\/www.schneider-chauffeur.de\/app\/uploads\/2020\/02\/ProWein-Tasting-zone-300x200.jpg\" alt=\"ProWein transfer Dusseldorf 2027 with chauffeur to the trade fair\" width=\"300\" height=\"200\" srcset=\"https:\/\/cdn.schneider-chauffeur.de\/app\/uploads\/2020\/02\/ProWein-Tasting-zone-300x200.jpg 300w, https:\/\/cdn.schneider-chauffeur.de\/app\/uploads\/2020\/02\/ProWein-Tasting-zone-848x565.jpg 848w, https:\/\/cdn.schneider-chauffeur.de\/app\/uploads\/2020\/02\/ProWein-Tasting-zone-768x512.jpg 768w, https:\/\/cdn.schneider-chauffeur.de\/app\/uploads\/2020\/02\/ProWein-Tasting-zone-1536x1024.jpg 1536w, https:\/\/cdn.schneider-chauffeur.de\/app\/uploads\/2020\/02\/ProWein-Tasting-zone-2048x1366.jpg 2048w\" sizes=\"auto, (max-width: 300px) 100vw, 300px\" \/><\/p>\n<h2>Reserver un transfert ProWein avec chauffeur<\/h2>\n<p>Pendant ProWein, le respect des horaires, la disponibilite et un deroulement serein sont essentiels. Notre service de chauffeur vous conduit ponctuellement a Messe Dusseldorf et vient vous rechercher apres vos rendez-vous. Vous pouvez ainsi vous concentrer sur vos entretiens, rendez-vous clients, degustations et objectifs de salon.<\/p>\n<p>Le transfert peut etre organise pour un trajet individuel, sur plusieurs jours ou dans le cadre d un sejour complet au salon. Indiquez-nous simplement votre arrivee, votre hotel, les horaires souhaites pour le salon et vos autres rendez-vous. Nous coordonnons les trajets selon vos besoins.<\/p>\n<p><a class=\"button\" style=\"max-width: 420px;\" href=\"https:\/\/www.schneider-chauffeur.de\/fr\/contactez\/\">Demander un transfert ProWein maintenant<\/a><\/p>\n<h2>Trajets vers le salon, l hotel et les rendez-vous du soir<\/h2>\n<p>De nombreux visiteurs de ProWein ont besoin de plus qu un simple aller-retour pendant le salon. Il s agit souvent de transferts entre l aeroport, l hotel, le parc des expositions, un restaurant, un rendez-vous client ou un evenement du soir. Notre service de chauffeur est concu pour ce type de programme.<\/p>\n<ul>\n<li>Transfert aeroport Dusseldorf vers ProWein<\/li>\n<li>Transfert hotel vers Messe Dusseldorf<\/li>\n<li>Service de chauffeur pour exposants, visiteurs et clients professionnels<\/li>\n<li>Transferts pour invites internationaux, equipes et delegations<\/li>\n<li>Trajets du soir vers restaurants, evenements et rendez-vous clients<\/li>\n<li>Accompagnement avec chauffeur a l heure ou a la journee avec service standby<\/li>\n<li>Limousine, van ou bus selon la taille du groupe et le programme<\/li>\n<\/ul>\n<p><img loading=\"lazy\" decoding=\"async\" class=\"alignright size-medium wp-image-7562\" src=\"https:\/\/www.schneider-chauffeur.de\/app\/uploads\/2020\/02\/prowein-Forum-300x194.jpg\" alt=\"Chauffeur service for ProWein 2027 in Dusseldorf\" width=\"300\" height=\"194\" srcset=\"https:\/\/cdn.schneider-chauffeur.de\/app\/uploads\/2020\/02\/prowein-Forum-300x194.jpg 300w, https:\/\/cdn.schneider-chauffeur.de\/app\/uploads\/2020\/02\/prowein-Forum-848x548.jpg 848w, https:\/\/cdn.schneider-chauffeur.de\/app\/uploads\/2020\/02\/prowein-Forum-768x497.jpg 768w, https:\/\/cdn.schneider-chauffeur.de\/app\/uploads\/2020\/02\/prowein-Forum-1536x993.jpg 1536w, https:\/\/cdn.schneider-chauffeur.de\/app\/uploads\/2020\/02\/prowein-Forum-2048x1325.jpg 2048w\" sizes=\"auto, (max-width: 300px) 100vw, 300px\" \/><\/p>\n<h2>Pour exposants, equipes et invites internationaux<\/h2>\n<p>Pour les invites internationaux, les equipes plus importantes ou les partenaires commerciaux essentiels, la mobilite doit fonctionner en arriere-plan. Nous planifions les trajets de facon a tenir compte des horaires de prise en charge, des bagages, des temps d attente et des changements possibles. Si besoin, nous vous accompagnons pendant plusieurs jours de salon.<\/p>\n<p>Meme si des rendez-vous changent ou si un diner est prevu apres la fermeture du salon, votre organisation reste claire. Vous disposez d un interlocuteur central et pouvez coordonner les trajets souhaites a l avance.<\/p>\n<h2>Demander votre transfert ProWein 2027 a l avance<\/h2>\n<p>Pendant ProWein, la demande de transferts fiables a Dusseldorf est generalement elevee. Envoyez-nous donc vos informations principales le plus tot possible : date, heure, adresse de depart, destination, nombre de passagers, bagages et categorie de vehicule souhaitee. Nous vous preparerons ensuite une offre adaptee pour vos trajets de salon.<\/p>\n<p><a class=\"button\" style=\"max-width: 500px;\" href=\"https:\/\/www.schneider-chauffeur.de\/fr\/contactez\/\">Demander un transfert ProWein 2027 maintenant<\/a><\/p>\n<p>Vous trouverez plus d informations sur ProWein a Dusseldorf ici : <a href=\"https:\/\/www.prowein.com\/\" target=\"_blank\" rel=\"noopener\">site officiel de ProWein<\/a><\/p>\n<\/div>\n<p><!-- \/schneider-prowein-mobile-preview --><\/p>\n","protected":false},"excerpt":{"rendered":"<p>Transfert ProWein Dusseldorf 2027 avec chauffeur. Trajets confortables vers le salon, hotel, aeroport et rendez-vous du soir.<\/p>\n","protected":false},"author":3,"featured_media":7580,"comment_status":"closed","ping_status":"open","sticky":false,"template":"","format":"standard","meta":{"footnotes":""},"categories":[42,36],"tags":[],"class_list":["post-4873","post","type-post","status-publish","format-standard","has-post-thumbnail","hentry","category-duesseldorf-fr","category-foires-et-evenements"],"yoast_head":"<!-- This site is optimized with the Yoast SEO Premium plugin v26.3 (Yoast SEO v26.3) - https:\/\/yoast.com\/wordpress\/plugins\/seo\/ -->\n<title>ProWein Dusseldorf | 07\/03\/2027 - 09\/03\/2027 |<\/title>\n<meta name=\"description\" content=\"R\u00e9servez d\u00e8s maintenant votre transfert pour le salon ProWein D\u00fcsseldorf. Nous vous conduisons de et vers le salon ProWein \u00e0 D\u00fcsseldorf. Demandez maintenant !\" \/>\n<meta name=\"robots\" content=\"index, follow, max-snippet:-1, max-image-preview:large, max-video-preview:-1\" \/>\n<link rel=\"canonical\" href=\"https:\/\/www.schneider-chauffeur.de\/fr\/foires-et-evenements\/prowein-in-duesseldorf\/\" \/>\n<meta property=\"og:locale\" content=\"fr_FR\" \/>\n<meta property=\"og:type\" content=\"article\" \/>\n<meta property=\"og:title\" content=\"ProWein Dusseldorf | 07\/03\/2027 - 09\/03\/2027\" \/>\n<meta property=\"og:description\" content=\"R\u00e9servez d\u00e8s maintenant votre transfert pour le salon ProWein D\u00fcsseldorf. Nous vous conduisons de et vers le salon ProWein \u00e0 D\u00fcsseldorf. Demandez maintenant !\" \/>\n<meta property=\"og:url\" content=\"https:\/\/www.schneider-chauffeur.de\/fr\/foires-et-evenements\/prowein-in-duesseldorf\/\" \/>\n<meta property=\"og:site_name\" content=\"Schneider Chauffeurservice \u2013 Gesch\u00e4ftsreisen mit h\u00f6chstem Komfort\" \/>\n<meta property=\"article:publisher\" content=\"https:\/\/www.facebook.com\/SchneiderChauffeurservice\" \/>\n<meta property=\"article:published_time\" content=\"2020-02-17T14:07:56+00:00\" \/>\n<meta property=\"article:modified_time\" content=\"2026-08-07T13:03:58+00:00\" \/>\n<meta property=\"og:image\" content=\"https:\/\/cdn.schneider-chauffeur.de\/app\/uploads\/2020\/02\/Pro-Wein-Logo-neu.jpg\" \/>\n\t<meta property=\"og:image:width\" content=\"612\" \/>\n\t<meta property=\"og:image:height\" content=\"800\" \/>\n\t<meta property=\"og:image:type\" content=\"image\/jpeg\" \/>\n<meta name=\"author\" content=\"Thomas Schneider\" \/>\n<meta name=\"twitter:card\" content=\"summary_large_image\" \/>\n<meta name=\"twitter:label1\" content=\"Written by\" \/>\n\t<meta name=\"twitter:data1\" content=\"Thomas Schneider\" \/>\n\t<meta name=\"twitter:label2\" content=\"Est. reading time\" \/>\n\t<meta name=\"twitter:data2\" content=\"3 minutes\" \/>\n<script type=\"application\/ld+json\" class=\"yoast-schema-graph\">{\"@context\":\"https:\/\/schema.org\",\"@graph\":[{\"@type\":\"Article\",\"@id\":\"https:\/\/www.schneider-chauffeur.de\/fr\/foires-et-evenements\/prowein-in-duesseldorf\/#article\",\"isPartOf\":{\"@id\":\"https:\/\/www.schneider-chauffeur.de\/fr\/foires-et-evenements\/prowein-in-duesseldorf\/\"},\"author\":{\"name\":\"Thomas Schneider\",\"@id\":\"https:\/\/www.schneider-chauffeur.de\/fr\/#\/schema\/person\/b969da03d774af606ff2bd9744dbbfaa\"},\"headline\":\"ProWein Dusseldorf | 07\/03\/2027 &#8211; 09\/03\/2027\",\"datePublished\":\"2020-02-17T14:07:56+00:00\",\"dateModified\":\"2026-08-07T13:03:58+00:00\",\"mainEntityOfPage\":{\"@id\":\"https:\/\/www.schneider-chauffeur.de\/fr\/foires-et-evenements\/prowein-in-duesseldorf\/\"},\"wordCount\":601,\"publisher\":{\"@id\":\"https:\/\/www.schneider-chauffeur.de\/fr\/#organization\"},\"image\":{\"@id\":\"https:\/\/www.schneider-chauffeur.de\/fr\/foires-et-evenements\/prowein-in-duesseldorf\/#primaryimage\"},\"thumbnailUrl\":\"https:\/\/cdn.schneider-chauffeur.de\/app\/uploads\/2020\/02\/Pro-Wein-Logo-neu.jpg\",\"articleSection\":[\"D\u00fcsseldorf\",\"Foires et \u00e9v\u00e9nements\"],\"inLanguage\":\"fr-FR\"},{\"@type\":\"WebPage\",\"@id\":\"https:\/\/www.schneider-chauffeur.de\/fr\/foires-et-evenements\/prowein-in-duesseldorf\/\",\"url\":\"https:\/\/www.schneider-chauffeur.de\/fr\/foires-et-evenements\/prowein-in-duesseldorf\/\",\"name\":\"ProWein Dusseldorf | 07\/03\/2027 - 09\/03\/2027 |\",\"isPartOf\":{\"@id\":\"https:\/\/www.schneider-chauffeur.de\/fr\/#website\"},\"primaryImageOfPage\":{\"@id\":\"https:\/\/www.schneider-chauffeur.de\/fr\/foires-et-evenements\/prowein-in-duesseldorf\/#primaryimage\"},\"image\":{\"@id\":\"https:\/\/www.schneider-chauffeur.de\/fr\/foires-et-evenements\/prowein-in-duesseldorf\/#primaryimage\"},\"thumbnailUrl\":\"https:\/\/cdn.schneider-chauffeur.de\/app\/uploads\/2020\/02\/Pro-Wein-Logo-neu.jpg\",\"datePublished\":\"2020-02-17T14:07:56+00:00\",\"dateModified\":\"2026-08-07T13:03:58+00:00\",\"description\":\"R\u00e9servez d\u00e8s maintenant votre transfert pour le salon ProWein D\u00fcsseldorf. Nous vous conduisons de et vers le salon ProWein \u00e0 D\u00fcsseldorf. Demandez maintenant !\",\"breadcrumb\":{\"@id\":\"https:\/\/www.schneider-chauffeur.de\/fr\/foires-et-evenements\/prowein-in-duesseldorf\/#breadcrumb\"},\"inLanguage\":\"fr-FR\",\"potentialAction\":[{\"@type\":\"ReadAction\",\"target\":[\"https:\/\/www.schneider-chauffeur.de\/fr\/foires-et-evenements\/prowein-in-duesseldorf\/\"]}]},{\"@type\":\"ImageObject\",\"inLanguage\":\"fr-FR\",\"@id\":\"https:\/\/www.schneider-chauffeur.de\/fr\/foires-et-evenements\/prowein-in-duesseldorf\/#primaryimage\",\"url\":\"https:\/\/cdn.schneider-chauffeur.de\/app\/uploads\/2020\/02\/Pro-Wein-Logo-neu.jpg\",\"contentUrl\":\"https:\/\/cdn.schneider-chauffeur.de\/app\/uploads\/2020\/02\/Pro-Wein-Logo-neu.jpg\",\"width\":612,\"height\":800,\"caption\":\"Logo ProWein D\u00fcsseldorf\"},{\"@type\":\"BreadcrumbList\",\"@id\":\"https:\/\/www.schneider-chauffeur.de\/fr\/foires-et-evenements\/prowein-in-duesseldorf\/#breadcrumb\",\"itemListElement\":[{\"@type\":\"ListItem\",\"position\":1,\"name\":\"Page d\u2019accueil\",\"item\":\"https:\/\/www.schneider-chauffeur.de\/fr\/\"},{\"@type\":\"ListItem\",\"position\":2,\"name\":\"Foires et \u00e9v\u00e9nements\",\"item\":\"https:\/\/www.schneider-chauffeur.de\/fr\/foires-et-evenements\/\"},{\"@type\":\"ListItem\",\"position\":3,\"name\":\"ProWein Dusseldorf | 07\/03\/2027 &#8211; 09\/03\/2027\"}]},{\"@type\":\"WebSite\",\"@id\":\"https:\/\/www.schneider-chauffeur.de\/fr\/#website\",\"url\":\"https:\/\/www.schneider-chauffeur.de\/fr\/\",\"name\":\"Schneider Chauffeurservice \u2013 Gesch\u00e4ftsreisen mit h\u00f6chstem Komfort\",\"description\":\"\",\"publisher\":{\"@id\":\"https:\/\/www.schneider-chauffeur.de\/fr\/#organization\"},\"potentialAction\":[{\"@type\":\"SearchAction\",\"target\":{\"@type\":\"EntryPoint\",\"urlTemplate\":\"https:\/\/www.schneider-chauffeur.de\/fr\/?s={search_term_string}\"},\"query-input\":{\"@type\":\"PropertyValueSpecification\",\"valueRequired\":true,\"valueName\":\"search_term_string\"}}],\"inLanguage\":\"fr-FR\"},{\"@type\":[\"Organization\",\"Place\"],\"@id\":\"https:\/\/www.schneider-chauffeur.de\/fr\/#organization\",\"name\":\"Schneider Chauffeurservice\",\"url\":\"https:\/\/www.schneider-chauffeur.de\/fr\/\",\"logo\":{\"@id\":\"https:\/\/www.schneider-chauffeur.de\/fr\/foires-et-evenements\/prowein-in-duesseldorf\/#local-main-organization-logo\"},\"image\":{\"@id\":\"https:\/\/www.schneider-chauffeur.de\/fr\/foires-et-evenements\/prowein-in-duesseldorf\/#local-main-organization-logo\"},\"sameAs\":[\"https:\/\/www.facebook.com\/SchneiderChauffeurservice\",\"https:\/\/www.linkedin.com\/company\/schneider-chauffeurservice\/\",\"https:\/\/www.instagram.com\/schneider_chauffeurservice\/\",\"https:\/\/www.youtube.com\/@schneiderchauffeurservice\",\"https:\/\/www.provenexpert.com\/en-us\/schneider-chauffeurservice\/\"],\"legalName\":\"Schneider Chauffeurservice\",\"numberOfEmployees\":{\"@type\":\"QuantitativeValue\",\"minValue\":\"11\",\"maxValue\":\"50\"},\"address\":{\"@id\":\"https:\/\/www.schneider-chauffeur.de\/fr\/foires-et-evenements\/prowein-in-duesseldorf\/#local-main-place-address\"},\"telephone\":[\"+49 20185892980\"],\"contactPoint\":{\"@type\":\"ContactPoint\",\"telephone\":\"+49 20185892980\",\"email\":\"info@schneider-chauffeur.de\"},\"openingHoursSpecification\":[{\"@type\":\"OpeningHoursSpecification\",\"dayOfWeek\":[\"Monday\",\"Tuesday\",\"Wednesday\",\"Thursday\",\"Friday\",\"Saturday\",\"Sunday\"],\"opens\":\"09:00\",\"closes\":\"17:00\"}],\"email\":\"info@schneider-chauffeur.de\",\"faxNumber\":\"Schneider Chauffeurservice\",\"areaServed\":\"Germany\"},{\"@type\":\"Person\",\"@id\":\"https:\/\/www.schneider-chauffeur.de\/fr\/#\/schema\/person\/b969da03d774af606ff2bd9744dbbfaa\",\"name\":\"Thomas Schneider\",\"image\":{\"@type\":\"ImageObject\",\"inLanguage\":\"fr-FR\",\"@id\":\"https:\/\/www.schneider-chauffeur.de\/fr\/#\/schema\/person\/image\/\",\"url\":\"https:\/\/www.schneider-chauffeur.de\/app\/litespeed\/avatar\/baf90a0ec8c00ca2761c5ee3829d0bbb.jpg?ver=1788632572\",\"contentUrl\":\"https:\/\/www.schneider-chauffeur.de\/app\/litespeed\/avatar\/baf90a0ec8c00ca2761c5ee3829d0bbb.jpg?ver=1788632572\",\"caption\":\"Thomas Schneider\"},\"sameAs\":[\"https:\/\/www.schneider-chauffeur.de\"]},{\"@type\":\"PostalAddress\",\"@id\":\"https:\/\/www.schneider-chauffeur.de\/fr\/foires-et-evenements\/prowein-in-duesseldorf\/#local-main-place-address\",\"streetAddress\":\"Hohenzollernstr. 24\",\"addressLocality\":\"Essen\",\"postalCode\":\"45128\",\"addressCountry\":\"DE\"},{\"@type\":\"ImageObject\",\"inLanguage\":\"fr-FR\",\"@id\":\"https:\/\/www.schneider-chauffeur.de\/fr\/foires-et-evenements\/prowein-in-duesseldorf\/#local-main-organization-logo\",\"url\":\"https:\/\/cdn.schneider-chauffeur.de\/app\/uploads\/2019\/08\/logo-schneider-chauffeur-service.svg\",\"contentUrl\":\"https:\/\/cdn.schneider-chauffeur.de\/app\/uploads\/2019\/08\/logo-schneider-chauffeur-service.svg\",\"caption\":\"Schneider Chauffeurservice\"}]}<\/script>\n<meta name=\"geo.placename\" content=\"Essen\" \/>\n<meta name=\"geo.region\" content=\"Germany\" \/>\n<!-- \/ Yoast SEO Premium plugin. -->","yoast_head_json":{"title":"ProWein Dusseldorf | 07\/03\/2027 - 09\/03\/2027 |","description":"R\u00e9servez d\u00e8s maintenant votre transfert pour le salon ProWein D\u00fcsseldorf. Nous vous conduisons de et vers le salon ProWein \u00e0 D\u00fcsseldorf. Demandez maintenant !","robots":{"index":"index","follow":"follow","max-snippet":"max-snippet:-1","max-image-preview":"max-image-preview:large","max-video-preview":"max-video-preview:-1"},"canonical":"https:\/\/www.schneider-chauffeur.de\/fr\/foires-et-evenements\/prowein-in-duesseldorf\/","og_locale":"fr_FR","og_type":"article","og_title":"ProWein Dusseldorf | 07\/03\/2027 - 09\/03\/2027","og_description":"R\u00e9servez d\u00e8s maintenant votre transfert pour le salon ProWein D\u00fcsseldorf. Nous vous conduisons de et vers le salon ProWein \u00e0 D\u00fcsseldorf. Demandez maintenant !","og_url":"https:\/\/www.schneider-chauffeur.de\/fr\/foires-et-evenements\/prowein-in-duesseldorf\/","og_site_name":"Schneider Chauffeurservice \u2013 Gesch\u00e4ftsreisen mit h\u00f6chstem Komfort","article_publisher":"https:\/\/www.facebook.com\/SchneiderChauffeurservice","article_published_time":"2020-02-17T14:07:56+00:00","article_modified_time":"2026-08-07T13:03:58+00:00","og_image":[{"width":612,"height":800,"url":"https:\/\/cdn.schneider-chauffeur.de\/app\/uploads\/2020\/02\/Pro-Wein-Logo-neu.jpg","type":"image\/jpeg"}],"author":"Thomas Schneider","twitter_card":"summary_large_image","twitter_misc":{"Written by":"Thomas Schneider","Est. reading time":"3 minutes"},"schema":{"@context":"https:\/\/schema.org","@graph":[{"@type":"Article","@id":"https:\/\/www.schneider-chauffeur.de\/fr\/foires-et-evenements\/prowein-in-duesseldorf\/#article","isPartOf":{"@id":"https:\/\/www.schneider-chauffeur.de\/fr\/foires-et-evenements\/prowein-in-duesseldorf\/"},"author":{"name":"Thomas Schneider","@id":"https:\/\/www.schneider-chauffeur.de\/fr\/#\/schema\/person\/b969da03d774af606ff2bd9744dbbfaa"},"headline":"ProWein Dusseldorf | 07\/03\/2027 &#8211; 09\/03\/2027","datePublished":"2020-02-17T14:07:56+00:00","dateModified":"2026-08-07T13:03:58+00:00","mainEntityOfPage":{"@id":"https:\/\/www.schneider-chauffeur.de\/fr\/foires-et-evenements\/prowein-in-duesseldorf\/"},"wordCount":601,"publisher":{"@id":"https:\/\/www.schneider-chauffeur.de\/fr\/#organization"},"image":{"@id":"https:\/\/www.schneider-chauffeur.de\/fr\/foires-et-evenements\/prowein-in-duesseldorf\/#primaryimage"},"thumbnailUrl":"https:\/\/cdn.schneider-chauffeur.de\/app\/uploads\/2020\/02\/Pro-Wein-Logo-neu.jpg","articleSection":["D\u00fcsseldorf","Foires et \u00e9v\u00e9nements"],"inLanguage":"fr-FR"},{"@type":"WebPage","@id":"https:\/\/www.schneider-chauffeur.de\/fr\/foires-et-evenements\/prowein-in-duesseldorf\/","url":"https:\/\/www.schneider-chauffeur.de\/fr\/foires-et-evenements\/prowein-in-duesseldorf\/","name":"ProWein Dusseldorf | 07\/03\/2027 - 09\/03\/2027 |","isPartOf":{"@id":"https:\/\/www.schneider-chauffeur.de\/fr\/#website"},"primaryImageOfPage":{"@id":"https:\/\/www.schneider-chauffeur.de\/fr\/foires-et-evenements\/prowein-in-duesseldorf\/#primaryimage"},"image":{"@id":"https:\/\/www.schneider-chauffeur.de\/fr\/foires-et-evenements\/prowein-in-duesseldorf\/#primaryimage"},"thumbnailUrl":"https:\/\/cdn.schneider-chauffeur.de\/app\/uploads\/2020\/02\/Pro-Wein-Logo-neu.jpg","datePublished":"2020-02-17T14:07:56+00:00","dateModified":"2026-08-07T13:03:58+00:00","description":"R\u00e9servez d\u00e8s maintenant votre transfert pour le salon ProWein D\u00fcsseldorf. Nous vous conduisons de et vers le salon ProWein \u00e0 D\u00fcsseldorf. Demandez maintenant !","breadcrumb":{"@id":"https:\/\/www.schneider-chauffeur.de\/fr\/foires-et-evenements\/prowein-in-duesseldorf\/#breadcrumb"},"inLanguage":"fr-FR","potentialAction":[{"@type":"ReadAction","target":["https:\/\/www.schneider-chauffeur.de\/fr\/foires-et-evenements\/prowein-in-duesseldorf\/"]}]},{"@type":"ImageObject","inLanguage":"fr-FR","@id":"https:\/\/www.schneider-chauffeur.de\/fr\/foires-et-evenements\/prowein-in-duesseldorf\/#primaryimage","url":"https:\/\/cdn.schneider-chauffeur.de\/app\/uploads\/2020\/02\/Pro-Wein-Logo-neu.jpg","contentUrl":"https:\/\/cdn.schneider-chauffeur.de\/app\/uploads\/2020\/02\/Pro-Wein-Logo-neu.jpg","width":612,"height":800,"caption":"Logo ProWein D\u00fcsseldorf"},{"@type":"BreadcrumbList","@id":"https:\/\/www.schneider-chauffeur.de\/fr\/foires-et-evenements\/prowein-in-duesseldorf\/#breadcrumb","itemListElement":[{"@type":"ListItem","position":1,"name":"Page d\u2019accueil","item":"https:\/\/www.schneider-chauffeur.de\/fr\/"},{"@type":"ListItem","position":2,"name":"Foires et \u00e9v\u00e9nements","item":"https:\/\/www.schneider-chauffeur.de\/fr\/foires-et-evenements\/"},{"@type":"ListItem","position":3,"name":"ProWein Dusseldorf | 07\/03\/2027 &#8211; 09\/03\/2027"}]},{"@type":"WebSite","@id":"https:\/\/www.schneider-chauffeur.de\/fr\/#website","url":"https:\/\/www.schneider-chauffeur.de\/fr\/","name":"Schneider Chauffeurservice \u2013 Gesch\u00e4ftsreisen mit h\u00f6chstem Komfort","description":"","publisher":{"@id":"https:\/\/www.schneider-chauffeur.de\/fr\/#organization"},"potentialAction":[{"@type":"SearchAction","target":{"@type":"EntryPoint","urlTemplate":"https:\/\/www.schneider-chauffeur.de\/fr\/?s={search_term_string}"},"query-input":{"@type":"PropertyValueSpecification","valueRequired":true,"valueName":"search_term_string"}}],"inLanguage":"fr-FR"},{"@type":["Organization","Place"],"@id":"https:\/\/www.schneider-chauffeur.de\/fr\/#organization","name":"Schneider Chauffeurservice","url":"https:\/\/www.schneider-chauffeur.de\/fr\/","logo":{"@id":"https:\/\/www.schneider-chauffeur.de\/fr\/foires-et-evenements\/prowein-in-duesseldorf\/#local-main-organization-logo"},"image":{"@id":"https:\/\/www.schneider-chauffeur.de\/fr\/foires-et-evenements\/prowein-in-duesseldorf\/#local-main-organization-logo"},"sameAs":["https:\/\/www.facebook.com\/SchneiderChauffeurservice","https:\/\/www.linkedin.com\/company\/schneider-chauffeurservice\/","https:\/\/www.instagram.com\/schneider_chauffeurservice\/","https:\/\/www.youtube.com\/@schneiderchauffeurservice","https:\/\/www.provenexpert.com\/en-us\/schneider-chauffeurservice\/"],"legalName":"Schneider Chauffeurservice","numberOfEmployees":{"@type":"QuantitativeValue","minValue":"11","maxValue":"50"},"address":{"@id":"https:\/\/www.schneider-chauffeur.de\/fr\/foires-et-evenements\/prowein-in-duesseldorf\/#local-main-place-address"},"telephone":["+49 20185892980"],"contactPoint":{"@type":"ContactPoint","telephone":"+49 20185892980","email":"info@schneider-chauffeur.de"},"openingHoursSpecification":[{"@type":"OpeningHoursSpecification","dayOfWeek":["Monday","Tuesday","Wednesday","Thursday","Friday","Saturday","Sunday"],"opens":"09:00","closes":"17:00"}],"email":"info@schneider-chauffeur.de","faxNumber":"Schneider Chauffeurservice","areaServed":"Germany"},{"@type":"Person","@id":"https:\/\/www.schneider-chauffeur.de\/fr\/#\/schema\/person\/b969da03d774af606ff2bd9744dbbfaa","name":"Thomas Schneider","image":{"@type":"ImageObject","inLanguage":"fr-FR","@id":"https:\/\/www.schneider-chauffeur.de\/fr\/#\/schema\/person\/image\/","url":"https:\/\/www.schneider-chauffeur.de\/app\/litespeed\/avatar\/baf90a0ec8c00ca2761c5ee3829d0bbb.jpg?ver=1788632572","contentUrl":"https:\/\/www.schneider-chauffeur.de\/app\/litespeed\/avatar\/baf90a0ec8c00ca2761c5ee3829d0bbb.jpg?ver=1788632572","caption":"Thomas Schneider"},"sameAs":["https:\/\/www.schneider-chauffeur.de"]},{"@type":"PostalAddress","@id":"https:\/\/www.schneider-chauffeur.de\/fr\/foires-et-evenements\/prowein-in-duesseldorf\/#local-main-place-address","streetAddress":"Hohenzollernstr. 24","addressLocality":"Essen","postalCode":"45128","addressCountry":"DE"},{"@type":"ImageObject","inLanguage":"fr-FR","@id":"https:\/\/www.schneider-chauffeur.de\/fr\/foires-et-evenements\/prowein-in-duesseldorf\/#local-main-organization-logo","url":"https:\/\/cdn.schneider-chauffeur.de\/app\/uploads\/2019\/08\/logo-schneider-chauffeur-service.svg","contentUrl":"https:\/\/cdn.schneider-chauffeur.de\/app\/uploads\/2019\/08\/logo-schneider-chauffeur-service.svg","caption":"Schneider Chauffeurservice"}]},"geo.placename":"Essen","geo.region":"Germany"},"_links":{"self":[{"href":"https:\/\/www.schneider-chauffeur.de\/fr\/wp-json\/wp\/v2\/posts\/4873","targetHints":{"allow":["GET"]}}],"collection":[{"href":"https:\/\/www.schneider-chauffeur.de\/fr\/wp-json\/wp\/v2\/posts"}],"about":[{"href":"https:\/\/www.schneider-chauffeur.de\/fr\/wp-json\/wp\/v2\/types\/post"}],"author":[{"embeddable":true,"href":"https:\/\/www.schneider-chauffeur.de\/fr\/wp-json\/wp\/v2\/users\/3"}],"replies":[{"embeddable":true,"href":"https:\/\/www.schneider-chauffeur.de\/fr\/wp-json\/wp\/v2\/comments?post=4873"}],"version-history":[{"count":17,"href":"https:\/\/www.schneider-chauffeur.de\/fr\/wp-json\/wp\/v2\/posts\/4873\/revisions"}],"predecessor-version":[{"id":10138,"href":"https:\/\/www.schneider-chauffeur.de\/fr\/wp-json\/wp\/v2\/posts\/4873\/revisions\/10138"}],"wp:featuredmedia":[{"embeddable":true,"href":"https:\/\/www.schneider-chauffeur.de\/fr\/wp-json\/wp\/v2\/media\/7580"}],"wp:attachment":[{"href":"https:\/\/www.schneider-chauffeur.de\/fr\/wp-json\/wp\/v2\/media?parent=4873"}],"wp:term":[{"taxonomy":"category","embeddable":true,"href":"https:\/\/www.schneider-chauffeur.de\/fr\/wp-json\/wp\/v2\/categories?post=4873"},{"taxonomy":"post_tag","embeddable":true,"href":"https:\/\/www.schneider-chauffeur.de\/fr\/wp-json\/wp\/v2\/tags?post=4873"}],"curies":[{"name":"wp","href":"https:\/\/api.w.org\/{rel}","templated":true}]}}