{"id":16393,"date":"2022-12-10T10:10:06","date_gmt":"2022-12-10T09:10:06","guid":{"rendered":"https:\/\/www.schneider-chauffeur.de\/?p=16393"},"modified":"2026-08-11T13:48:22","modified_gmt":"2026-08-11T11:48:22","slug":"inhorgenta-munich","status":"publish","type":"post","link":"https:\/\/www.schneider-chauffeur.de\/fr\/foires-et-evenements\/inhorgenta-munich\/","title":{"rendered":"INHORGENTA MUNICH | 19.02.2027 &#8211; 22.02.2027"},"content":{"rendered":"<p><!--more--><\/p>\n<style>\n<p>.postid-16393 .teaser-wrapper {\n  background-repeat: no-repeat !important;\n  background-position: center center !important;\n}\n@media (max-width: 767px) {\n  .postid-16393 .teaser-wrapper {\n    height: 185px !important;\n    min-height: 185px !important;\n    background-size: contain !important;\n    background-color: #fff !important;\n  }\n  .postid-16393 .teaser-wrapper .container-wrapper {\n    min-height: 185px !important;\n  }\n}<\/p>\n<p>@media (max-width: 767px) {\n  .schneider-inhorgenta-mobile-preview { font-size: 17px; line-height: 1.68; }\n  .schneider-inhorgenta-mobile-preview p { margin-bottom: 1.15rem; }\n  .schneider-inhorgenta-mobile-preview h2 { clear: both; margin-top: 2rem; margin-bottom: 0.85rem; line-height: 1.25; }\n  .schneider-inhorgenta-mobile-preview img.alignleft,\n  .schneider-inhorgenta-mobile-preview img.alignright { float: none !important; display: block; width: 100%; max-width: 420px; height: auto; margin: 1.35rem auto; }\n  .schneider-inhorgenta-mobile-preview a.button { display: block; width: 100%; max-width: none !important; box-sizing: border-box; margin: 1.4rem 0; padding: 0.95rem 1rem; text-align: center; white-space: normal; line-height: 1.3; }\n  .schneider-inhorgenta-mobile-preview ul { padding-left: 1.15rem; margin: 1rem 0 1.4rem; }\n  .schneider-inhorgenta-mobile-preview li { margin-bottom: 0.55rem; }\n}\n<\/style>\n<div class=\"schneider-inhorgenta-mobile-preview\">\n<p><strong>INHORGENTA MUNICH 2027<\/strong> aura lieu du <strong>19 au 22 f\u00e9vrier 2027<\/strong> au Trade Fair Center Messe M\u00fcnchen. Schneider Chauffeurservice organise des transferts fiables pour exposants, acheteurs, marques, joailliers, sp\u00e9cialistes de l&#8217;horlogerie et invit\u00e9s internationaux : vers le salon, l&#8217;h\u00f4tel, l&#8217;a\u00e9roport de Munich et les rendez-vous du soir en ville.<\/p>\n<p><img decoding=\"async\" class=\"alignleft\" style=\"width: 100%; max-width: 300px; height: auto;\" src=\"https:\/\/www.schneider-chauffeur.de\/app\/uploads\/2022\/12\/INHORGENTA-MUNICH-2022_jf_00909.jpg\" alt=\"INHORGENTA MUNICH Messe\" \/><\/p>\n<p>Salon professionnel d\u00e9di\u00e9 \u00e0 la joaillerie, aux montres et aux pierres pr\u00e9cieuses, INHORGENTA accueille \u00e0 Munich un public international exigeant. Lorsque votre programme comprend plusieurs rendez-vous, rencontres clients et \u00e9v\u00e9nements en soir\u00e9e, un transfert r\u00e9serv\u00e9 \u00e0 l&#8217;avance rend la journ\u00e9e plus pr\u00e9visible. Votre chauffeur vous prend en charge \u00e0 l&#8217;adresse convenue et vous conduit directement \u00e0 Messe M\u00fcnchen ou \u00e0 votre prochaine \u00e9tape.<\/p>\n<p><a class=\"button\" style=\"max-width: 360px;\" href=\"https:\/\/www.schneider-chauffeur.de\/fr\/contactez\/\" target=\"_blank\" rel=\"noopener\">Demander un transfert INHORGENTA<\/a><\/p>\n<h2>Transfert salon vers INHORGENTA Munich<\/h2>\n<p>Nous organisons des trajets individuels ainsi qu&#8217;une prise en charge sur plusieurs jours de salon. Cela comprend les transferts de l&#8217;a\u00e9roport de Munich vers le salon, les trajets entre l&#8217;h\u00f4tel et le Trade Fair Center Messe M\u00fcnchen, les retours apr\u00e8s la fermeture du salon et les trajets du soir vers restaurants, r\u00e9ceptions ou rendez-vous clients.<\/p>\n<p><img decoding=\"async\" class=\"alignright\" style=\"width: 100%; max-width: 300px; height: auto;\" src=\"https:\/\/www.schneider-chauffeur.de\/app\/uploads\/2022\/12\/INHORGENTA-MUNICH-2022_jf_01011.jpg\" alt=\"INHORGENTA MUNICH Fachmesse\" \/><\/p>\n<p>Selon la taille du groupe et l&#8217;occasion, nous pr\u00e9voyons le v\u00e9hicule adapt\u00e9 : limousine pour voyageurs individuels et VIP, van ou Sprinter pour \u00e9quipes et d\u00e9l\u00e9gations, bus pour les groupes plus importants. Horaires de prise en charge, temps d&#8217;attente, bagages et changements de derni\u00e8re minute peuvent \u00eatre coordonn\u00e9s \u00e0 l&#8217;avance.<\/p>\n<h2>R\u00e9server un transfert INHORGENTA 2027<\/h2>\n<p>Pour une offre adapt\u00e9e, indiquez-nous la date, l&#8217;heure, l&#8217;adresse de d\u00e9part, la destination, le nombre de passagers, les bagages et le type de v\u00e9hicule souhait\u00e9. Pr\u00e9cisez \u00e9galement s&#8217;il s&#8217;agit d&#8217;un trajet unique ou d&#8217;un accompagnement sur plusieurs jours de salon.<\/p>\n<p><a class=\"button\" style=\"max-width: 500px;\" href=\"https:\/\/www.schneider-chauffeur.de\/fr\/contactez\/\" target=\"_blank\" rel=\"noopener\">R\u00e9server un transfert salon vers INHORGENTA<\/a><\/p>\n<p>Plus d&#8217;informations sur le salon aupr\u00e8s de l&#8217;organisateur officiel : <a href=\"https:\/\/inhorgenta.com\/en\/\" target=\"_blank\" rel=\"nofollow noopener\">INHORGENTA MUNICH<\/a>.<\/p>\n<\/div>\n","protected":false},"excerpt":{"rendered":"<p>Transfert vers INHORGENTA MUNICH 2027 : service chauffeur, transferts a\u00e9roport et h\u00f4tel, standby, trajets du soir, limousine, van, Sprinter ou bus.<\/p>\n","protected":false},"author":5,"featured_media":16443,"comment_status":"closed","ping_status":"open","sticky":false,"template":"","format":"standard","meta":{"footnotes":""},"categories":[36,123],"tags":[],"class_list":["post-16393","post","type-post","status-publish","format-standard","has-post-thumbnail","hentry","category-foires-et-evenements","category-munich-fr"],"yoast_head":"<!-- This site is optimized with the Yoast SEO Premium plugin v26.3 (Yoast SEO v26.3) - https:\/\/yoast.com\/wordpress\/plugins\/seo\/ -->\n<title>Transfert du salon INHORGENTA MUNICH | 19.02.2027 - 22.02.2027<\/title>\n<meta name=\"description\" content=\"R\u00e9servez d\u00e8s maintenant votre transfert pour le salon INHORGENTA MUNICH. Schneider Chauffeurservice vous conduit de et vers le salon de Munich. Demandez maintenant !\" \/>\n<meta name=\"robots\" content=\"index, follow, max-snippet:-1, max-image-preview:large, max-video-preview:-1\" \/>\n<link rel=\"canonical\" href=\"https:\/\/www.schneider-chauffeur.de\/fr\/foires-et-evenements\/inhorgenta-munich\/\" \/>\n<meta property=\"og:locale\" content=\"fr_FR\" \/>\n<meta property=\"og:type\" content=\"article\" \/>\n<meta property=\"og:title\" content=\"INHORGENTA MUNICH | 19.02.2027 - 22.02.2027\" \/>\n<meta property=\"og:description\" content=\"R\u00e9servez d\u00e8s maintenant votre transfert pour le salon INHORGENTA MUNICH. Schneider Chauffeurservice vous conduit de et vers le salon de Munich. Demandez maintenant !\" \/>\n<meta property=\"og:url\" content=\"https:\/\/www.schneider-chauffeur.de\/fr\/foires-et-evenements\/inhorgenta-munich\/\" \/>\n<meta property=\"og:site_name\" content=\"Schneider Chauffeurservice \u2013 Gesch\u00e4ftsreisen mit h\u00f6chstem Komfort\" \/>\n<meta property=\"article:publisher\" content=\"https:\/\/www.facebook.com\/SchneiderChauffeurservice\" \/>\n<meta property=\"article:published_time\" content=\"2022-12-10T09:10:06+00:00\" \/>\n<meta property=\"article:modified_time\" content=\"2026-08-11T11:48:22+00:00\" \/>\n<meta property=\"og:image\" content=\"https:\/\/cdn.schneider-chauffeur.de\/app\/uploads\/2022\/12\/inhorgenta_let_rgb-2.jpg\" \/>\n\t<meta property=\"og:image:width\" content=\"1181\" \/>\n\t<meta property=\"og:image:height\" content=\"443\" \/>\n\t<meta property=\"og:image:type\" content=\"image\/jpeg\" \/>\n<meta name=\"author\" content=\"Laura Rudis\" \/>\n<meta name=\"twitter:card\" content=\"summary_large_image\" \/>\n<meta name=\"twitter:label1\" content=\"Written by\" \/>\n\t<meta name=\"twitter:data1\" content=\"Laura Rudis\" \/>\n\t<meta name=\"twitter:label2\" content=\"Est. reading time\" \/>\n\t<meta name=\"twitter:data2\" content=\"3 minutes\" \/>\n<script type=\"application\/ld+json\" class=\"yoast-schema-graph\">{\"@context\":\"https:\/\/schema.org\",\"@graph\":[{\"@type\":\"Article\",\"@id\":\"https:\/\/www.schneider-chauffeur.de\/fr\/foires-et-evenements\/inhorgenta-munich\/#article\",\"isPartOf\":{\"@id\":\"https:\/\/www.schneider-chauffeur.de\/fr\/foires-et-evenements\/inhorgenta-munich\/\"},\"author\":{\"name\":\"Laura Rudis\",\"@id\":\"https:\/\/www.schneider-chauffeur.de\/fr\/#\/schema\/person\/e9907d0b07cf9980dbd91adc56cdab86\"},\"headline\":\"INHORGENTA MUNICH | 19.02.2027 &#8211; 22.02.2027\",\"datePublished\":\"2022-12-10T09:10:06+00:00\",\"dateModified\":\"2026-08-11T11:48:22+00:00\",\"mainEntityOfPage\":{\"@id\":\"https:\/\/www.schneider-chauffeur.de\/fr\/foires-et-evenements\/inhorgenta-munich\/\"},\"wordCount\":328,\"publisher\":{\"@id\":\"https:\/\/www.schneider-chauffeur.de\/fr\/#organization\"},\"image\":{\"@id\":\"https:\/\/www.schneider-chauffeur.de\/fr\/foires-et-evenements\/inhorgenta-munich\/#primaryimage\"},\"thumbnailUrl\":\"https:\/\/cdn.schneider-chauffeur.de\/app\/uploads\/2022\/12\/inhorgenta_let_rgb-2.jpg\",\"articleSection\":[\"Foires et \u00e9v\u00e9nements\",\"Munich\"],\"inLanguage\":\"fr-FR\"},{\"@type\":\"WebPage\",\"@id\":\"https:\/\/www.schneider-chauffeur.de\/fr\/foires-et-evenements\/inhorgenta-munich\/\",\"url\":\"https:\/\/www.schneider-chauffeur.de\/fr\/foires-et-evenements\/inhorgenta-munich\/\",\"name\":\"Transfert du salon INHORGENTA MUNICH | 19.02.2027 - 22.02.2027\",\"isPartOf\":{\"@id\":\"https:\/\/www.schneider-chauffeur.de\/fr\/#website\"},\"primaryImageOfPage\":{\"@id\":\"https:\/\/www.schneider-chauffeur.de\/fr\/foires-et-evenements\/inhorgenta-munich\/#primaryimage\"},\"image\":{\"@id\":\"https:\/\/www.schneider-chauffeur.de\/fr\/foires-et-evenements\/inhorgenta-munich\/#primaryimage\"},\"thumbnailUrl\":\"https:\/\/cdn.schneider-chauffeur.de\/app\/uploads\/2022\/12\/inhorgenta_let_rgb-2.jpg\",\"datePublished\":\"2022-12-10T09:10:06+00:00\",\"dateModified\":\"2026-08-11T11:48:22+00:00\",\"description\":\"R\u00e9servez d\u00e8s maintenant votre transfert pour le salon INHORGENTA MUNICH. Schneider Chauffeurservice vous conduit de et vers le salon de Munich. Demandez maintenant !\",\"breadcrumb\":{\"@id\":\"https:\/\/www.schneider-chauffeur.de\/fr\/foires-et-evenements\/inhorgenta-munich\/#breadcrumb\"},\"inLanguage\":\"fr-FR\",\"potentialAction\":[{\"@type\":\"ReadAction\",\"target\":[\"https:\/\/www.schneider-chauffeur.de\/fr\/foires-et-evenements\/inhorgenta-munich\/\"]}]},{\"@type\":\"ImageObject\",\"inLanguage\":\"fr-FR\",\"@id\":\"https:\/\/www.schneider-chauffeur.de\/fr\/foires-et-evenements\/inhorgenta-munich\/#primaryimage\",\"url\":\"https:\/\/cdn.schneider-chauffeur.de\/app\/uploads\/2022\/12\/inhorgenta_let_rgb-2.jpg\",\"contentUrl\":\"https:\/\/cdn.schneider-chauffeur.de\/app\/uploads\/2022\/12\/inhorgenta_let_rgb-2.jpg\",\"width\":1181,\"height\":443,\"caption\":\"Logo der INHORGENTA MUNICH\"},{\"@type\":\"BreadcrumbList\",\"@id\":\"https:\/\/www.schneider-chauffeur.de\/fr\/foires-et-evenements\/inhorgenta-munich\/#breadcrumb\",\"itemListElement\":[{\"@type\":\"ListItem\",\"position\":1,\"name\":\"Page d\u2019accueil\",\"item\":\"https:\/\/www.schneider-chauffeur.de\/fr\/\"},{\"@type\":\"ListItem\",\"position\":2,\"name\":\"Foires et \u00e9v\u00e9nements\",\"item\":\"https:\/\/www.schneider-chauffeur.de\/fr\/foires-et-evenements\/\"},{\"@type\":\"ListItem\",\"position\":3,\"name\":\"INHORGENTA MUNICH | 19.02.2027 &#8211; 22.02.2027\"}]},{\"@type\":\"WebSite\",\"@id\":\"https:\/\/www.schneider-chauffeur.de\/fr\/#website\",\"url\":\"https:\/\/www.schneider-chauffeur.de\/fr\/\",\"name\":\"Schneider Chauffeurservice \u2013 Gesch\u00e4ftsreisen mit h\u00f6chstem Komfort\",\"description\":\"\",\"publisher\":{\"@id\":\"https:\/\/www.schneider-chauffeur.de\/fr\/#organization\"},\"potentialAction\":[{\"@type\":\"SearchAction\",\"target\":{\"@type\":\"EntryPoint\",\"urlTemplate\":\"https:\/\/www.schneider-chauffeur.de\/fr\/?s={search_term_string}\"},\"query-input\":{\"@type\":\"PropertyValueSpecification\",\"valueRequired\":true,\"valueName\":\"search_term_string\"}}],\"inLanguage\":\"fr-FR\"},{\"@type\":[\"Organization\",\"Place\"],\"@id\":\"https:\/\/www.schneider-chauffeur.de\/fr\/#organization\",\"name\":\"Schneider Chauffeurservice\",\"url\":\"https:\/\/www.schneider-chauffeur.de\/fr\/\",\"logo\":{\"@id\":\"https:\/\/www.schneider-chauffeur.de\/fr\/foires-et-evenements\/inhorgenta-munich\/#local-main-organization-logo\"},\"image\":{\"@id\":\"https:\/\/www.schneider-chauffeur.de\/fr\/foires-et-evenements\/inhorgenta-munich\/#local-main-organization-logo\"},\"sameAs\":[\"https:\/\/www.facebook.com\/SchneiderChauffeurservice\",\"https:\/\/www.linkedin.com\/company\/schneider-chauffeurservice\/\",\"https:\/\/www.instagram.com\/schneider_chauffeurservice\/\",\"https:\/\/www.youtube.com\/@schneiderchauffeurservice\",\"https:\/\/www.provenexpert.com\/en-us\/schneider-chauffeurservice\/\"],\"legalName\":\"Schneider Chauffeurservice\",\"numberOfEmployees\":{\"@type\":\"QuantitativeValue\",\"minValue\":\"11\",\"maxValue\":\"50\"},\"address\":{\"@id\":\"https:\/\/www.schneider-chauffeur.de\/fr\/foires-et-evenements\/inhorgenta-munich\/#local-main-place-address\"},\"telephone\":[\"+49 20185892980\"],\"contactPoint\":{\"@type\":\"ContactPoint\",\"telephone\":\"+49 20185892980\",\"email\":\"info@schneider-chauffeur.de\"},\"openingHoursSpecification\":[{\"@type\":\"OpeningHoursSpecification\",\"dayOfWeek\":[\"Monday\",\"Tuesday\",\"Wednesday\",\"Thursday\",\"Friday\",\"Saturday\",\"Sunday\"],\"opens\":\"09:00\",\"closes\":\"17:00\"}],\"email\":\"info@schneider-chauffeur.de\",\"faxNumber\":\"Schneider Chauffeurservice\",\"areaServed\":\"Germany\"},{\"@type\":\"Person\",\"@id\":\"https:\/\/www.schneider-chauffeur.de\/fr\/#\/schema\/person\/e9907d0b07cf9980dbd91adc56cdab86\",\"name\":\"Laura Rudis\",\"image\":{\"@type\":\"ImageObject\",\"inLanguage\":\"fr-FR\",\"@id\":\"https:\/\/www.schneider-chauffeur.de\/fr\/#\/schema\/person\/image\/\",\"url\":\"https:\/\/www.schneider-chauffeur.de\/app\/litespeed\/avatar\/c8efd42cc3df90438a758df3b6a03ff9.jpg?ver=1788606004\",\"contentUrl\":\"https:\/\/www.schneider-chauffeur.de\/app\/litespeed\/avatar\/c8efd42cc3df90438a758df3b6a03ff9.jpg?ver=1788606004\",\"caption\":\"Laura Rudis\"}},{\"@type\":\"PostalAddress\",\"@id\":\"https:\/\/www.schneider-chauffeur.de\/fr\/foires-et-evenements\/inhorgenta-munich\/#local-main-place-address\",\"streetAddress\":\"Hohenzollernstr. 24\",\"addressLocality\":\"Essen\",\"postalCode\":\"45128\",\"addressCountry\":\"DE\"},{\"@type\":\"ImageObject\",\"inLanguage\":\"fr-FR\",\"@id\":\"https:\/\/www.schneider-chauffeur.de\/fr\/foires-et-evenements\/inhorgenta-munich\/#local-main-organization-logo\",\"url\":\"https:\/\/cdn.schneider-chauffeur.de\/app\/uploads\/2019\/08\/logo-schneider-chauffeur-service.svg\",\"contentUrl\":\"https:\/\/cdn.schneider-chauffeur.de\/app\/uploads\/2019\/08\/logo-schneider-chauffeur-service.svg\",\"caption\":\"Schneider Chauffeurservice\"}]}<\/script>\n<meta name=\"geo.placename\" content=\"Essen\" \/>\n<meta name=\"geo.region\" content=\"Germany\" \/>\n<!-- \/ Yoast SEO Premium plugin. -->","yoast_head_json":{"title":"Transfert du salon INHORGENTA MUNICH | 19.02.2027 - 22.02.2027","description":"R\u00e9servez d\u00e8s maintenant votre transfert pour le salon INHORGENTA MUNICH. Schneider Chauffeurservice vous conduit de et vers le salon de Munich. Demandez maintenant !","robots":{"index":"index","follow":"follow","max-snippet":"max-snippet:-1","max-image-preview":"max-image-preview:large","max-video-preview":"max-video-preview:-1"},"canonical":"https:\/\/www.schneider-chauffeur.de\/fr\/foires-et-evenements\/inhorgenta-munich\/","og_locale":"fr_FR","og_type":"article","og_title":"INHORGENTA MUNICH | 19.02.2027 - 22.02.2027","og_description":"R\u00e9servez d\u00e8s maintenant votre transfert pour le salon INHORGENTA MUNICH. Schneider Chauffeurservice vous conduit de et vers le salon de Munich. Demandez maintenant !","og_url":"https:\/\/www.schneider-chauffeur.de\/fr\/foires-et-evenements\/inhorgenta-munich\/","og_site_name":"Schneider Chauffeurservice \u2013 Gesch\u00e4ftsreisen mit h\u00f6chstem Komfort","article_publisher":"https:\/\/www.facebook.com\/SchneiderChauffeurservice","article_published_time":"2022-12-10T09:10:06+00:00","article_modified_time":"2026-08-11T11:48:22+00:00","og_image":[{"width":1181,"height":443,"url":"https:\/\/cdn.schneider-chauffeur.de\/app\/uploads\/2022\/12\/inhorgenta_let_rgb-2.jpg","type":"image\/jpeg"}],"author":"Laura Rudis","twitter_card":"summary_large_image","twitter_misc":{"Written by":"Laura Rudis","Est. reading time":"3 minutes"},"schema":{"@context":"https:\/\/schema.org","@graph":[{"@type":"Article","@id":"https:\/\/www.schneider-chauffeur.de\/fr\/foires-et-evenements\/inhorgenta-munich\/#article","isPartOf":{"@id":"https:\/\/www.schneider-chauffeur.de\/fr\/foires-et-evenements\/inhorgenta-munich\/"},"author":{"name":"Laura Rudis","@id":"https:\/\/www.schneider-chauffeur.de\/fr\/#\/schema\/person\/e9907d0b07cf9980dbd91adc56cdab86"},"headline":"INHORGENTA MUNICH | 19.02.2027 &#8211; 22.02.2027","datePublished":"2022-12-10T09:10:06+00:00","dateModified":"2026-08-11T11:48:22+00:00","mainEntityOfPage":{"@id":"https:\/\/www.schneider-chauffeur.de\/fr\/foires-et-evenements\/inhorgenta-munich\/"},"wordCount":328,"publisher":{"@id":"https:\/\/www.schneider-chauffeur.de\/fr\/#organization"},"image":{"@id":"https:\/\/www.schneider-chauffeur.de\/fr\/foires-et-evenements\/inhorgenta-munich\/#primaryimage"},"thumbnailUrl":"https:\/\/cdn.schneider-chauffeur.de\/app\/uploads\/2022\/12\/inhorgenta_let_rgb-2.jpg","articleSection":["Foires et \u00e9v\u00e9nements","Munich"],"inLanguage":"fr-FR"},{"@type":"WebPage","@id":"https:\/\/www.schneider-chauffeur.de\/fr\/foires-et-evenements\/inhorgenta-munich\/","url":"https:\/\/www.schneider-chauffeur.de\/fr\/foires-et-evenements\/inhorgenta-munich\/","name":"Transfert du salon INHORGENTA MUNICH | 19.02.2027 - 22.02.2027","isPartOf":{"@id":"https:\/\/www.schneider-chauffeur.de\/fr\/#website"},"primaryImageOfPage":{"@id":"https:\/\/www.schneider-chauffeur.de\/fr\/foires-et-evenements\/inhorgenta-munich\/#primaryimage"},"image":{"@id":"https:\/\/www.schneider-chauffeur.de\/fr\/foires-et-evenements\/inhorgenta-munich\/#primaryimage"},"thumbnailUrl":"https:\/\/cdn.schneider-chauffeur.de\/app\/uploads\/2022\/12\/inhorgenta_let_rgb-2.jpg","datePublished":"2022-12-10T09:10:06+00:00","dateModified":"2026-08-11T11:48:22+00:00","description":"R\u00e9servez d\u00e8s maintenant votre transfert pour le salon INHORGENTA MUNICH. Schneider Chauffeurservice vous conduit de et vers le salon de Munich. Demandez maintenant !","breadcrumb":{"@id":"https:\/\/www.schneider-chauffeur.de\/fr\/foires-et-evenements\/inhorgenta-munich\/#breadcrumb"},"inLanguage":"fr-FR","potentialAction":[{"@type":"ReadAction","target":["https:\/\/www.schneider-chauffeur.de\/fr\/foires-et-evenements\/inhorgenta-munich\/"]}]},{"@type":"ImageObject","inLanguage":"fr-FR","@id":"https:\/\/www.schneider-chauffeur.de\/fr\/foires-et-evenements\/inhorgenta-munich\/#primaryimage","url":"https:\/\/cdn.schneider-chauffeur.de\/app\/uploads\/2022\/12\/inhorgenta_let_rgb-2.jpg","contentUrl":"https:\/\/cdn.schneider-chauffeur.de\/app\/uploads\/2022\/12\/inhorgenta_let_rgb-2.jpg","width":1181,"height":443,"caption":"Logo der INHORGENTA MUNICH"},{"@type":"BreadcrumbList","@id":"https:\/\/www.schneider-chauffeur.de\/fr\/foires-et-evenements\/inhorgenta-munich\/#breadcrumb","itemListElement":[{"@type":"ListItem","position":1,"name":"Page d\u2019accueil","item":"https:\/\/www.schneider-chauffeur.de\/fr\/"},{"@type":"ListItem","position":2,"name":"Foires et \u00e9v\u00e9nements","item":"https:\/\/www.schneider-chauffeur.de\/fr\/foires-et-evenements\/"},{"@type":"ListItem","position":3,"name":"INHORGENTA MUNICH | 19.02.2027 &#8211; 22.02.2027"}]},{"@type":"WebSite","@id":"https:\/\/www.schneider-chauffeur.de\/fr\/#website","url":"https:\/\/www.schneider-chauffeur.de\/fr\/","name":"Schneider Chauffeurservice \u2013 Gesch\u00e4ftsreisen mit h\u00f6chstem Komfort","description":"","publisher":{"@id":"https:\/\/www.schneider-chauffeur.de\/fr\/#organization"},"potentialAction":[{"@type":"SearchAction","target":{"@type":"EntryPoint","urlTemplate":"https:\/\/www.schneider-chauffeur.de\/fr\/?s={search_term_string}"},"query-input":{"@type":"PropertyValueSpecification","valueRequired":true,"valueName":"search_term_string"}}],"inLanguage":"fr-FR"},{"@type":["Organization","Place"],"@id":"https:\/\/www.schneider-chauffeur.de\/fr\/#organization","name":"Schneider Chauffeurservice","url":"https:\/\/www.schneider-chauffeur.de\/fr\/","logo":{"@id":"https:\/\/www.schneider-chauffeur.de\/fr\/foires-et-evenements\/inhorgenta-munich\/#local-main-organization-logo"},"image":{"@id":"https:\/\/www.schneider-chauffeur.de\/fr\/foires-et-evenements\/inhorgenta-munich\/#local-main-organization-logo"},"sameAs":["https:\/\/www.facebook.com\/SchneiderChauffeurservice","https:\/\/www.linkedin.com\/company\/schneider-chauffeurservice\/","https:\/\/www.instagram.com\/schneider_chauffeurservice\/","https:\/\/www.youtube.com\/@schneiderchauffeurservice","https:\/\/www.provenexpert.com\/en-us\/schneider-chauffeurservice\/"],"legalName":"Schneider Chauffeurservice","numberOfEmployees":{"@type":"QuantitativeValue","minValue":"11","maxValue":"50"},"address":{"@id":"https:\/\/www.schneider-chauffeur.de\/fr\/foires-et-evenements\/inhorgenta-munich\/#local-main-place-address"},"telephone":["+49 20185892980"],"contactPoint":{"@type":"ContactPoint","telephone":"+49 20185892980","email":"info@schneider-chauffeur.de"},"openingHoursSpecification":[{"@type":"OpeningHoursSpecification","dayOfWeek":["Monday","Tuesday","Wednesday","Thursday","Friday","Saturday","Sunday"],"opens":"09:00","closes":"17:00"}],"email":"info@schneider-chauffeur.de","faxNumber":"Schneider Chauffeurservice","areaServed":"Germany"},{"@type":"Person","@id":"https:\/\/www.schneider-chauffeur.de\/fr\/#\/schema\/person\/e9907d0b07cf9980dbd91adc56cdab86","name":"Laura Rudis","image":{"@type":"ImageObject","inLanguage":"fr-FR","@id":"https:\/\/www.schneider-chauffeur.de\/fr\/#\/schema\/person\/image\/","url":"https:\/\/www.schneider-chauffeur.de\/app\/litespeed\/avatar\/c8efd42cc3df90438a758df3b6a03ff9.jpg?ver=1788606004","contentUrl":"https:\/\/www.schneider-chauffeur.de\/app\/litespeed\/avatar\/c8efd42cc3df90438a758df3b6a03ff9.jpg?ver=1788606004","caption":"Laura Rudis"}},{"@type":"PostalAddress","@id":"https:\/\/www.schneider-chauffeur.de\/fr\/foires-et-evenements\/inhorgenta-munich\/#local-main-place-address","streetAddress":"Hohenzollernstr. 24","addressLocality":"Essen","postalCode":"45128","addressCountry":"DE"},{"@type":"ImageObject","inLanguage":"fr-FR","@id":"https:\/\/www.schneider-chauffeur.de\/fr\/foires-et-evenements\/inhorgenta-munich\/#local-main-organization-logo","url":"https:\/\/cdn.schneider-chauffeur.de\/app\/uploads\/2019\/08\/logo-schneider-chauffeur-service.svg","contentUrl":"https:\/\/cdn.schneider-chauffeur.de\/app\/uploads\/2019\/08\/logo-schneider-chauffeur-service.svg","caption":"Schneider Chauffeurservice"}]},"geo.placename":"Essen","geo.region":"Germany"},"_links":{"self":[{"href":"https:\/\/www.schneider-chauffeur.de\/fr\/wp-json\/wp\/v2\/posts\/16393","targetHints":{"allow":["GET"]}}],"collection":[{"href":"https:\/\/www.schneider-chauffeur.de\/fr\/wp-json\/wp\/v2\/posts"}],"about":[{"href":"https:\/\/www.schneider-chauffeur.de\/fr\/wp-json\/wp\/v2\/types\/post"}],"author":[{"embeddable":true,"href":"https:\/\/www.schneider-chauffeur.de\/fr\/wp-json\/wp\/v2\/users\/5"}],"replies":[{"embeddable":true,"href":"https:\/\/www.schneider-chauffeur.de\/fr\/wp-json\/wp\/v2\/comments?post=16393"}],"version-history":[{"count":11,"href":"https:\/\/www.schneider-chauffeur.de\/fr\/wp-json\/wp\/v2\/posts\/16393\/revisions"}],"predecessor-version":[{"id":16422,"href":"https:\/\/www.schneider-chauffeur.de\/fr\/wp-json\/wp\/v2\/posts\/16393\/revisions\/16422"}],"wp:featuredmedia":[{"embeddable":true,"href":"https:\/\/www.schneider-chauffeur.de\/fr\/wp-json\/wp\/v2\/media\/16443"}],"wp:attachment":[{"href":"https:\/\/www.schneider-chauffeur.de\/fr\/wp-json\/wp\/v2\/media?parent=16393"}],"wp:term":[{"taxonomy":"category","embeddable":true,"href":"https:\/\/www.schneider-chauffeur.de\/fr\/wp-json\/wp\/v2\/categories?post=16393"},{"taxonomy":"post_tag","embeddable":true,"href":"https:\/\/www.schneider-chauffeur.de\/fr\/wp-json\/wp\/v2\/tags?post=16393"}],"curies":[{"name":"wp","href":"https:\/\/api.w.org\/{rel}","templated":true}]}}