{"id":11587,"date":"2022-07-27T17:11:35","date_gmt":"2022-07-27T15:11:35","guid":{"rendered":"https:\/\/www.schneider-chauffeur.de\/?p=11587"},"modified":"2024-01-08T12:18:46","modified_gmt":"2024-01-08T11:18:46","slug":"intertabac","status":"publish","type":"post","link":"https:\/\/www.schneider-chauffeur.de\/fr\/foires-et-evenements\/intertabac\/","title":{"rendered":"InterTabac Dortmund | 19.09.2024 &#8211; 21.09.2024"},"content":{"rendered":"<p><!--more--><\/p>\n<h3>Votre voyage avec Schneider Chauffeurservice<\/h3>\n<p>En tant qu&#8217;exposant ou visiteur d&#8217;InterTabac 2024, vous souhaitez non seulement une visite passionnante du salon, mais aussi un voyage aller et retour agr\u00e9able ? Alors profitez du transfert exclusif de Schneider Chauffeur Service vers InterTabac \u00e0 Dortmund. De cette mani\u00e8re, vous arriverez de mani\u00e8re fiable et sans stress au plus grand salon international du tabac et des articles pour fumeurs.<\/p>\n<p><img decoding=\"async\" class=\"alignleft\" style=\"width: 100%; max-width: 300px; height: auto;\" src=\"https:\/\/www.schneider-chauffeur.de\/app\/uploads\/2022\/07\/InterTabac_2019__28_.jpg\" \/><\/p>\n<h3>Votre s\u00e9jour au salon<\/h3>\n<p>Lors du salon InterTabac lui-m\u00eame, vous pourrez vous r\u00e9jouir de nombreux points forts diff\u00e9rents. Dans les neuf halls d&#8217;exposition avec plus de 40.000 m\u00b2 de surface d&#8217;exposition, vous trouverez de multiples innovations et informations pour l&#8217;industrie, le commerce de d\u00e9tail et le commerce de gros. En outre, le programme comprend des interventions passionnantes d&#8217;animateurs et diff\u00e9rentes tables rondes. Vous pourrez entretenir et d\u00e9velopper sur place vos contacts avec des clients ou des fournisseurs. Non seulement un public international, mais aussi de grands d\u00e9cideurs et acheteurs internationaux seront pr\u00e9sents. La soir\u00e9e &#8220;Get together&#8221; 2022 qui aura lieu le premier soir contribuera \u00e9galement \u00e0 un r\u00e9seautage r\u00e9ussi. Les exposants d&#8217;InterTabac pourront y r\u00e9seauter tout en \u00e9coutant de la musique live et en d\u00e9gustant un d\u00e9licieux repas.<\/p>\n<p><a class=\"button\" style=\"max-width: 300px;\" href=\"https:\/\/www.schneider-chauffeur.de\/fr\/contactez\/\" target=\"_blank\" rel=\"noopener\">Demander une r\u00e9servation ici<\/a><\/p>\n<p><img decoding=\"async\" class=\"alignright\" style=\"width: 100%; max-width: 300px; height: auto;\" src=\"https:\/\/www.schneider-chauffeur.de\/app\/uploads\/2022\/07\/InterTabac_2019__49_.jpg\" \/><\/p>\n<p>Toutefois, InterTabac n&#8217;est pas le seul salon \u00e0 avoir beaucoup \u00e0 offrir, car le salon InterSupply, qui se tient en m\u00eame temps, vient compl\u00e9ter le tableau. Le salon international de la production de tabac se concentre par exemple sur les achats, la production, le d\u00e9veloppement de produits et la recherche. En cons\u00e9quence, le duo de salons InterTabac &amp;amp ; InterSupply couvre toute la cha\u00eene de processus, de la fabrication \u00e0 la vente de produits du tabac, d&#8217;e-cigarettes, de pipes \u00e0 eau et d&#8217;autres produits.<\/p>\n<h3>Votre d\u00e9part<\/h3>\n<p>Apr\u00e8s votre visite au salon, vous voulez encore aller dans un bar avec des amis ou au restaurant avec des coll\u00e8gues ? Vous pr\u00e9f\u00e9rez rentrer chez vous ou \u00e0 l&#8217;h\u00f4tel ? Quelle que soit votre prochaine destination, l&#8217;un de nos chauffeurs form\u00e9s se tient \u00e0 votre disposition pour vous emmener ou vous ramener en toute s\u00e9curit\u00e9 du parc des expositions de Dortmund.<\/p>\n<p>Vous trouverez plus d&#8217;informations sur l&#8217;InterTabac \u00e0 Dortmund: <a href=\"https:\/\/www.intertabac.de\/start\/\" target=\"_blank\" rel=\"noopener\">ici<\/a><br \/>\nVous trouverez plus d&#8217;informations sur InterSupply \u00e0 Dortmund: <a href=\"https:\/\/www.intersupply.de\/start\/\" target=\"_blank\" rel=\"noopener\">ici<\/a><\/p>\n<p><a class=\"button\" style=\"max-width: 500px;\" href=\"https:\/\/www.schneider-chauffeur.de\/fr\/contactez\/\" target=\"_blank\" rel=\"noopener\">Demandez et r\u00e9servez maintenant un transfert exclusif pour le salon<\/a><\/p>\n<h2>Trouvez l&#8217;h\u00f4tel qui vous convient \u00e0 Dortmund<\/h2>\n<p>Vous \u00eates encore \u00e0 la recherche d&#8217;un h\u00f4tel \u00e0 Dortmund ? Faites donc un tour chez notre partenaire booking.com :<br \/>\n<ins class=\"bookingaff\" data-aid=\"2224620\" data-target_aid=\"2224620\" data-prod=\"map\" data-width=\"100%\" data-height=\"590\" data-lang=\"ualng\" data-dest_id=\"0\" data-dest_type=\"landmark\" data-latitude=\"51.5135872\" data-longitude=\"7.4652981\" data-landmark_name=\"Dortmund\" data-mwhsb=\"0\" data-address=\"Dortmund, Germany\" data-zoom=\"13\"><br \/>\n    <!-- Anything inside will go away once widget is loaded. --><br \/>\n        <a href=\"\/\/www.booking.com?aid=2224620\">Booking.com<\/a><br \/>\n<\/ins><br \/>\n<script type=\"text\/javascript\">\n    (function(d, sc, u) {\n      var s = d.createElement(sc), p = d.getElementsByTagName(sc)[0];\n      s.type = 'text\/javascript';\n      s.async = true;\n      s.src = u + '?v=' + (+new Date());\n      p.parentNode.insertBefore(s,p);\n      })(document, 'script', '\/\/cf.bstatic.com\/static\/affiliate_base\/js\/flexiproduct.js');\n<\/script><\/p>\n<p>Sources:<br \/>\n<a href=\"https:\/\/www.intertabac.de\/start\/\" target=\"_blank\" rel=\"noopener\">InterTabac<\/a><br \/>\n<a href=\"https:\/\/www.intersupply.de\/start\/\" target=\"_blank\" rel=\"noopener\">InterSupply<\/a><br \/>\nWestfalenhallen Unternehmensgruppe GmbH<br \/>\nImages: \u00a9 Wolfgang Helm | Messe Dortmund<\/p>\n","protected":false},"excerpt":{"rendered":"","protected":false},"author":5,"featured_media":11542,"comment_status":"closed","ping_status":"open","sticky":false,"template":"","format":"standard","meta":{"footnotes":""},"categories":[41,36],"tags":[],"class_list":["post-11587","post","type-post","status-publish","format-standard","has-post-thumbnail","hentry","category-dortmund-fr","category-foires-et-evenements"],"yoast_head":"<!-- This site is optimized with the Yoast SEO Premium plugin v26.3 (Yoast SEO v26.3) - https:\/\/yoast.com\/wordpress\/plugins\/seo\/ -->\n<title>Transfert du salon InterTabac Dortmund | 19.09.2024 - 21.09.2024<\/title>\n<meta name=\"description\" content=\"R\u00e9servez d\u00e8s maintenant votre transfert pour le salon InterTabac. Schneider Chauffeurservice vous conduit de et vers le salon \u00e0 Dortmund. Demandez maintenant !\" \/>\n<meta name=\"robots\" content=\"index, follow, max-snippet:-1, max-image-preview:large, max-video-preview:-1\" \/>\n<link rel=\"canonical\" href=\"https:\/\/www.schneider-chauffeur.de\/fr\/foires-et-evenements\/intertabac\/\" \/>\n<meta property=\"og:locale\" content=\"fr_FR\" \/>\n<meta property=\"og:type\" content=\"article\" \/>\n<meta property=\"og:title\" content=\"InterTabac Dortmund | 19.09.2024 - 21.09.2024\" \/>\n<meta property=\"og:description\" content=\"R\u00e9servez d\u00e8s maintenant votre transfert pour le salon InterTabac. Schneider Chauffeurservice vous conduit de et vers le salon \u00e0 Dortmund. Demandez maintenant !\" \/>\n<meta property=\"og:url\" content=\"https:\/\/www.schneider-chauffeur.de\/fr\/foires-et-evenements\/intertabac\/\" \/>\n<meta property=\"og:site_name\" content=\"Schneider Chauffeurservice \u2013 Gesch\u00e4ftsreisen mit h\u00f6chstem Komfort\" \/>\n<meta property=\"article:publisher\" content=\"https:\/\/www.facebook.com\/SchneiderChauffeurservice\" \/>\n<meta property=\"article:published_time\" content=\"2022-07-27T15:11:35+00:00\" \/>\n<meta property=\"article:modified_time\" content=\"2024-01-08T11:18:46+00:00\" \/>\n<meta property=\"og:image\" content=\"https:\/\/www.schneider-chauffeur.de\/app\/uploads\/2022\/07\/InterTabac_Logo_01_RGB.jpg\" \/>\n\t<meta property=\"og:image:width\" content=\"1654\" \/>\n\t<meta property=\"og:image:height\" content=\"1654\" \/>\n\t<meta property=\"og:image:type\" content=\"image\/jpeg\" \/>\n<meta name=\"author\" content=\"Laura Rudis\" \/>\n<meta name=\"twitter:card\" content=\"summary_large_image\" \/>\n<meta name=\"twitter:label1\" content=\"Written by\" \/>\n\t<meta name=\"twitter:data1\" content=\"Laura Rudis\" \/>\n\t<meta name=\"twitter:label2\" content=\"Est. reading time\" \/>\n\t<meta name=\"twitter:data2\" content=\"3 minutes\" \/>\n<script type=\"application\/ld+json\" class=\"yoast-schema-graph\">{\"@context\":\"https:\/\/schema.org\",\"@graph\":[{\"@type\":\"Article\",\"@id\":\"https:\/\/www.schneider-chauffeur.de\/fr\/foires-et-evenements\/intertabac\/#article\",\"isPartOf\":{\"@id\":\"https:\/\/www.schneider-chauffeur.de\/fr\/foires-et-evenements\/intertabac\/\"},\"author\":{\"name\":\"Laura Rudis\",\"@id\":\"https:\/\/www.schneider-chauffeur.de\/fr\/#\/schema\/person\/e9907d0b07cf9980dbd91adc56cdab86\"},\"headline\":\"InterTabac Dortmund | 19.09.2024 &#8211; 21.09.2024\",\"datePublished\":\"2022-07-27T15:11:35+00:00\",\"dateModified\":\"2024-01-08T11:18:46+00:00\",\"mainEntityOfPage\":{\"@id\":\"https:\/\/www.schneider-chauffeur.de\/fr\/foires-et-evenements\/intertabac\/\"},\"wordCount\":449,\"publisher\":{\"@id\":\"https:\/\/www.schneider-chauffeur.de\/fr\/#organization\"},\"image\":{\"@id\":\"https:\/\/www.schneider-chauffeur.de\/fr\/foires-et-evenements\/intertabac\/#primaryimage\"},\"thumbnailUrl\":\"https:\/\/cdn.schneider-chauffeur.de\/app\/uploads\/2022\/07\/InterTabac_Logo_01_RGB.jpg\",\"articleSection\":[\"Dortmund\",\"Foires et \u00e9v\u00e9nements\"],\"inLanguage\":\"fr-FR\"},{\"@type\":\"WebPage\",\"@id\":\"https:\/\/www.schneider-chauffeur.de\/fr\/foires-et-evenements\/intertabac\/\",\"url\":\"https:\/\/www.schneider-chauffeur.de\/fr\/foires-et-evenements\/intertabac\/\",\"name\":\"Transfert du salon InterTabac Dortmund | 19.09.2024 - 21.09.2024\",\"isPartOf\":{\"@id\":\"https:\/\/www.schneider-chauffeur.de\/fr\/#website\"},\"primaryImageOfPage\":{\"@id\":\"https:\/\/www.schneider-chauffeur.de\/fr\/foires-et-evenements\/intertabac\/#primaryimage\"},\"image\":{\"@id\":\"https:\/\/www.schneider-chauffeur.de\/fr\/foires-et-evenements\/intertabac\/#primaryimage\"},\"thumbnailUrl\":\"https:\/\/cdn.schneider-chauffeur.de\/app\/uploads\/2022\/07\/InterTabac_Logo_01_RGB.jpg\",\"datePublished\":\"2022-07-27T15:11:35+00:00\",\"dateModified\":\"2024-01-08T11:18:46+00:00\",\"description\":\"R\u00e9servez d\u00e8s maintenant votre transfert pour le salon InterTabac. Schneider Chauffeurservice vous conduit de et vers le salon \u00e0 Dortmund. Demandez maintenant !\",\"breadcrumb\":{\"@id\":\"https:\/\/www.schneider-chauffeur.de\/fr\/foires-et-evenements\/intertabac\/#breadcrumb\"},\"inLanguage\":\"fr-FR\",\"potentialAction\":[{\"@type\":\"ReadAction\",\"target\":[\"https:\/\/www.schneider-chauffeur.de\/fr\/foires-et-evenements\/intertabac\/\"]}]},{\"@type\":\"ImageObject\",\"inLanguage\":\"fr-FR\",\"@id\":\"https:\/\/www.schneider-chauffeur.de\/fr\/foires-et-evenements\/intertabac\/#primaryimage\",\"url\":\"https:\/\/cdn.schneider-chauffeur.de\/app\/uploads\/2022\/07\/InterTabac_Logo_01_RGB.jpg\",\"contentUrl\":\"https:\/\/cdn.schneider-chauffeur.de\/app\/uploads\/2022\/07\/InterTabac_Logo_01_RGB.jpg\",\"width\":1654,\"height\":1654,\"caption\":\"Logo der InterTabac\"},{\"@type\":\"BreadcrumbList\",\"@id\":\"https:\/\/www.schneider-chauffeur.de\/fr\/foires-et-evenements\/intertabac\/#breadcrumb\",\"itemListElement\":[{\"@type\":\"ListItem\",\"position\":1,\"name\":\"Page d\u2019accueil\",\"item\":\"https:\/\/www.schneider-chauffeur.de\/fr\/\"},{\"@type\":\"ListItem\",\"position\":2,\"name\":\"Foires et \u00e9v\u00e9nements\",\"item\":\"https:\/\/www.schneider-chauffeur.de\/fr\/foires-et-evenements\/\"},{\"@type\":\"ListItem\",\"position\":3,\"name\":\"InterTabac Dortmund | 19.09.2024 &#8211; 21.09.2024\"}]},{\"@type\":\"WebSite\",\"@id\":\"https:\/\/www.schneider-chauffeur.de\/fr\/#website\",\"url\":\"https:\/\/www.schneider-chauffeur.de\/fr\/\",\"name\":\"Schneider Chauffeurservice \u2013 Gesch\u00e4ftsreisen mit h\u00f6chstem Komfort\",\"description\":\"\",\"publisher\":{\"@id\":\"https:\/\/www.schneider-chauffeur.de\/fr\/#organization\"},\"potentialAction\":[{\"@type\":\"SearchAction\",\"target\":{\"@type\":\"EntryPoint\",\"urlTemplate\":\"https:\/\/www.schneider-chauffeur.de\/fr\/?s={search_term_string}\"},\"query-input\":{\"@type\":\"PropertyValueSpecification\",\"valueRequired\":true,\"valueName\":\"search_term_string\"}}],\"inLanguage\":\"fr-FR\"},{\"@type\":[\"Organization\",\"Place\"],\"@id\":\"https:\/\/www.schneider-chauffeur.de\/fr\/#organization\",\"name\":\"Schneider Chauffeurservice\",\"url\":\"https:\/\/www.schneider-chauffeur.de\/fr\/\",\"logo\":{\"@id\":\"https:\/\/www.schneider-chauffeur.de\/fr\/foires-et-evenements\/intertabac\/#local-main-organization-logo\"},\"image\":{\"@id\":\"https:\/\/www.schneider-chauffeur.de\/fr\/foires-et-evenements\/intertabac\/#local-main-organization-logo\"},\"sameAs\":[\"https:\/\/www.facebook.com\/SchneiderChauffeurservice\",\"https:\/\/www.linkedin.com\/company\/schneider-chauffeurservice\/\",\"https:\/\/www.instagram.com\/schneider_chauffeurservice\/\"],\"legalName\":\"Schneider Chauffeurservice\",\"numberOfEmployees\":{\"@type\":\"QuantitativeValue\",\"minValue\":\"11\",\"maxValue\":\"50\"},\"address\":{\"@id\":\"https:\/\/www.schneider-chauffeur.de\/fr\/foires-et-evenements\/intertabac\/#local-main-place-address\"},\"telephone\":[\"+49 20185892980\"],\"contactPoint\":{\"@type\":\"ContactPoint\",\"telephone\":\"+49 20185892980\",\"email\":\"info@schneider-chauffeur.de\"},\"openingHoursSpecification\":[{\"@type\":\"OpeningHoursSpecification\",\"dayOfWeek\":[\"Monday\",\"Tuesday\",\"Wednesday\",\"Thursday\",\"Friday\",\"Saturday\",\"Sunday\"],\"opens\":\"09:00\",\"closes\":\"17:00\"}],\"email\":\"info@schneider-chauffeur.de\",\"faxNumber\":\"Schneider Chauffeurservice\",\"areaServed\":\"Germany\"},{\"@type\":\"Person\",\"@id\":\"https:\/\/www.schneider-chauffeur.de\/fr\/#\/schema\/person\/e9907d0b07cf9980dbd91adc56cdab86\",\"name\":\"Laura Rudis\",\"image\":{\"@type\":\"ImageObject\",\"inLanguage\":\"fr-FR\",\"@id\":\"https:\/\/www.schneider-chauffeur.de\/fr\/#\/schema\/person\/image\/\",\"url\":\"https:\/\/www.schneider-chauffeur.de\/app\/litespeed\/avatar\/c8efd42cc3df90438a758df3b6a03ff9.jpg?ver=1777087948\",\"contentUrl\":\"https:\/\/www.schneider-chauffeur.de\/app\/litespeed\/avatar\/c8efd42cc3df90438a758df3b6a03ff9.jpg?ver=1777087948\",\"caption\":\"Laura Rudis\"}},{\"@type\":\"PostalAddress\",\"@id\":\"https:\/\/www.schneider-chauffeur.de\/fr\/foires-et-evenements\/intertabac\/#local-main-place-address\",\"streetAddress\":\"Hohenzollernstr. 24\",\"addressLocality\":\"Essen\",\"postalCode\":\"45128\",\"addressCountry\":\"DE\"},{\"@type\":\"ImageObject\",\"inLanguage\":\"fr-FR\",\"@id\":\"https:\/\/www.schneider-chauffeur.de\/fr\/foires-et-evenements\/intertabac\/#local-main-organization-logo\",\"url\":\"https:\/\/cdn.schneider-chauffeur.de\/app\/uploads\/2019\/08\/logo-schneider-chauffeur-service.svg\",\"contentUrl\":\"https:\/\/cdn.schneider-chauffeur.de\/app\/uploads\/2019\/08\/logo-schneider-chauffeur-service.svg\",\"caption\":\"Schneider Chauffeurservice\"}]}<\/script>\n<meta name=\"geo.placename\" content=\"Essen\" \/>\n<meta name=\"geo.region\" content=\"Germany\" \/>\n<!-- \/ Yoast SEO Premium plugin. -->","yoast_head_json":{"title":"Transfert du salon InterTabac Dortmund | 19.09.2024 - 21.09.2024","description":"R\u00e9servez d\u00e8s maintenant votre transfert pour le salon InterTabac. Schneider Chauffeurservice vous conduit de et vers le salon \u00e0 Dortmund. Demandez maintenant !","robots":{"index":"index","follow":"follow","max-snippet":"max-snippet:-1","max-image-preview":"max-image-preview:large","max-video-preview":"max-video-preview:-1"},"canonical":"https:\/\/www.schneider-chauffeur.de\/fr\/foires-et-evenements\/intertabac\/","og_locale":"fr_FR","og_type":"article","og_title":"InterTabac Dortmund | 19.09.2024 - 21.09.2024","og_description":"R\u00e9servez d\u00e8s maintenant votre transfert pour le salon InterTabac. Schneider Chauffeurservice vous conduit de et vers le salon \u00e0 Dortmund. Demandez maintenant !","og_url":"https:\/\/www.schneider-chauffeur.de\/fr\/foires-et-evenements\/intertabac\/","og_site_name":"Schneider Chauffeurservice \u2013 Gesch\u00e4ftsreisen mit h\u00f6chstem Komfort","article_publisher":"https:\/\/www.facebook.com\/SchneiderChauffeurservice","article_published_time":"2022-07-27T15:11:35+00:00","article_modified_time":"2024-01-08T11:18:46+00:00","og_image":[{"width":1654,"height":1654,"url":"https:\/\/www.schneider-chauffeur.de\/app\/uploads\/2022\/07\/InterTabac_Logo_01_RGB.jpg","type":"image\/jpeg"}],"author":"Laura Rudis","twitter_card":"summary_large_image","twitter_misc":{"Written by":"Laura Rudis","Est. reading time":"3 minutes"},"schema":{"@context":"https:\/\/schema.org","@graph":[{"@type":"Article","@id":"https:\/\/www.schneider-chauffeur.de\/fr\/foires-et-evenements\/intertabac\/#article","isPartOf":{"@id":"https:\/\/www.schneider-chauffeur.de\/fr\/foires-et-evenements\/intertabac\/"},"author":{"name":"Laura Rudis","@id":"https:\/\/www.schneider-chauffeur.de\/fr\/#\/schema\/person\/e9907d0b07cf9980dbd91adc56cdab86"},"headline":"InterTabac Dortmund | 19.09.2024 &#8211; 21.09.2024","datePublished":"2022-07-27T15:11:35+00:00","dateModified":"2024-01-08T11:18:46+00:00","mainEntityOfPage":{"@id":"https:\/\/www.schneider-chauffeur.de\/fr\/foires-et-evenements\/intertabac\/"},"wordCount":449,"publisher":{"@id":"https:\/\/www.schneider-chauffeur.de\/fr\/#organization"},"image":{"@id":"https:\/\/www.schneider-chauffeur.de\/fr\/foires-et-evenements\/intertabac\/#primaryimage"},"thumbnailUrl":"https:\/\/cdn.schneider-chauffeur.de\/app\/uploads\/2022\/07\/InterTabac_Logo_01_RGB.jpg","articleSection":["Dortmund","Foires et \u00e9v\u00e9nements"],"inLanguage":"fr-FR"},{"@type":"WebPage","@id":"https:\/\/www.schneider-chauffeur.de\/fr\/foires-et-evenements\/intertabac\/","url":"https:\/\/www.schneider-chauffeur.de\/fr\/foires-et-evenements\/intertabac\/","name":"Transfert du salon InterTabac Dortmund | 19.09.2024 - 21.09.2024","isPartOf":{"@id":"https:\/\/www.schneider-chauffeur.de\/fr\/#website"},"primaryImageOfPage":{"@id":"https:\/\/www.schneider-chauffeur.de\/fr\/foires-et-evenements\/intertabac\/#primaryimage"},"image":{"@id":"https:\/\/www.schneider-chauffeur.de\/fr\/foires-et-evenements\/intertabac\/#primaryimage"},"thumbnailUrl":"https:\/\/cdn.schneider-chauffeur.de\/app\/uploads\/2022\/07\/InterTabac_Logo_01_RGB.jpg","datePublished":"2022-07-27T15:11:35+00:00","dateModified":"2024-01-08T11:18:46+00:00","description":"R\u00e9servez d\u00e8s maintenant votre transfert pour le salon InterTabac. Schneider Chauffeurservice vous conduit de et vers le salon \u00e0 Dortmund. Demandez maintenant !","breadcrumb":{"@id":"https:\/\/www.schneider-chauffeur.de\/fr\/foires-et-evenements\/intertabac\/#breadcrumb"},"inLanguage":"fr-FR","potentialAction":[{"@type":"ReadAction","target":["https:\/\/www.schneider-chauffeur.de\/fr\/foires-et-evenements\/intertabac\/"]}]},{"@type":"ImageObject","inLanguage":"fr-FR","@id":"https:\/\/www.schneider-chauffeur.de\/fr\/foires-et-evenements\/intertabac\/#primaryimage","url":"https:\/\/cdn.schneider-chauffeur.de\/app\/uploads\/2022\/07\/InterTabac_Logo_01_RGB.jpg","contentUrl":"https:\/\/cdn.schneider-chauffeur.de\/app\/uploads\/2022\/07\/InterTabac_Logo_01_RGB.jpg","width":1654,"height":1654,"caption":"Logo der InterTabac"},{"@type":"BreadcrumbList","@id":"https:\/\/www.schneider-chauffeur.de\/fr\/foires-et-evenements\/intertabac\/#breadcrumb","itemListElement":[{"@type":"ListItem","position":1,"name":"Page d\u2019accueil","item":"https:\/\/www.schneider-chauffeur.de\/fr\/"},{"@type":"ListItem","position":2,"name":"Foires et \u00e9v\u00e9nements","item":"https:\/\/www.schneider-chauffeur.de\/fr\/foires-et-evenements\/"},{"@type":"ListItem","position":3,"name":"InterTabac Dortmund | 19.09.2024 &#8211; 21.09.2024"}]},{"@type":"WebSite","@id":"https:\/\/www.schneider-chauffeur.de\/fr\/#website","url":"https:\/\/www.schneider-chauffeur.de\/fr\/","name":"Schneider Chauffeurservice \u2013 Gesch\u00e4ftsreisen mit h\u00f6chstem Komfort","description":"","publisher":{"@id":"https:\/\/www.schneider-chauffeur.de\/fr\/#organization"},"potentialAction":[{"@type":"SearchAction","target":{"@type":"EntryPoint","urlTemplate":"https:\/\/www.schneider-chauffeur.de\/fr\/?s={search_term_string}"},"query-input":{"@type":"PropertyValueSpecification","valueRequired":true,"valueName":"search_term_string"}}],"inLanguage":"fr-FR"},{"@type":["Organization","Place"],"@id":"https:\/\/www.schneider-chauffeur.de\/fr\/#organization","name":"Schneider Chauffeurservice","url":"https:\/\/www.schneider-chauffeur.de\/fr\/","logo":{"@id":"https:\/\/www.schneider-chauffeur.de\/fr\/foires-et-evenements\/intertabac\/#local-main-organization-logo"},"image":{"@id":"https:\/\/www.schneider-chauffeur.de\/fr\/foires-et-evenements\/intertabac\/#local-main-organization-logo"},"sameAs":["https:\/\/www.facebook.com\/SchneiderChauffeurservice","https:\/\/www.linkedin.com\/company\/schneider-chauffeurservice\/","https:\/\/www.instagram.com\/schneider_chauffeurservice\/"],"legalName":"Schneider Chauffeurservice","numberOfEmployees":{"@type":"QuantitativeValue","minValue":"11","maxValue":"50"},"address":{"@id":"https:\/\/www.schneider-chauffeur.de\/fr\/foires-et-evenements\/intertabac\/#local-main-place-address"},"telephone":["+49 20185892980"],"contactPoint":{"@type":"ContactPoint","telephone":"+49 20185892980","email":"info@schneider-chauffeur.de"},"openingHoursSpecification":[{"@type":"OpeningHoursSpecification","dayOfWeek":["Monday","Tuesday","Wednesday","Thursday","Friday","Saturday","Sunday"],"opens":"09:00","closes":"17:00"}],"email":"info@schneider-chauffeur.de","faxNumber":"Schneider Chauffeurservice","areaServed":"Germany"},{"@type":"Person","@id":"https:\/\/www.schneider-chauffeur.de\/fr\/#\/schema\/person\/e9907d0b07cf9980dbd91adc56cdab86","name":"Laura Rudis","image":{"@type":"ImageObject","inLanguage":"fr-FR","@id":"https:\/\/www.schneider-chauffeur.de\/fr\/#\/schema\/person\/image\/","url":"https:\/\/www.schneider-chauffeur.de\/app\/litespeed\/avatar\/c8efd42cc3df90438a758df3b6a03ff9.jpg?ver=1777087948","contentUrl":"https:\/\/www.schneider-chauffeur.de\/app\/litespeed\/avatar\/c8efd42cc3df90438a758df3b6a03ff9.jpg?ver=1777087948","caption":"Laura Rudis"}},{"@type":"PostalAddress","@id":"https:\/\/www.schneider-chauffeur.de\/fr\/foires-et-evenements\/intertabac\/#local-main-place-address","streetAddress":"Hohenzollernstr. 24","addressLocality":"Essen","postalCode":"45128","addressCountry":"DE"},{"@type":"ImageObject","inLanguage":"fr-FR","@id":"https:\/\/www.schneider-chauffeur.de\/fr\/foires-et-evenements\/intertabac\/#local-main-organization-logo","url":"https:\/\/cdn.schneider-chauffeur.de\/app\/uploads\/2019\/08\/logo-schneider-chauffeur-service.svg","contentUrl":"https:\/\/cdn.schneider-chauffeur.de\/app\/uploads\/2019\/08\/logo-schneider-chauffeur-service.svg","caption":"Schneider Chauffeurservice"}]},"geo.placename":"Essen","geo.region":"Germany"},"_links":{"self":[{"href":"https:\/\/www.schneider-chauffeur.de\/fr\/wp-json\/wp\/v2\/posts\/11587","targetHints":{"allow":["GET"]}}],"collection":[{"href":"https:\/\/www.schneider-chauffeur.de\/fr\/wp-json\/wp\/v2\/posts"}],"about":[{"href":"https:\/\/www.schneider-chauffeur.de\/fr\/wp-json\/wp\/v2\/types\/post"}],"author":[{"embeddable":true,"href":"https:\/\/www.schneider-chauffeur.de\/fr\/wp-json\/wp\/v2\/users\/5"}],"replies":[{"embeddable":true,"href":"https:\/\/www.schneider-chauffeur.de\/fr\/wp-json\/wp\/v2\/comments?post=11587"}],"version-history":[{"count":4,"href":"https:\/\/www.schneider-chauffeur.de\/fr\/wp-json\/wp\/v2\/posts\/11587\/revisions"}],"predecessor-version":[{"id":11588,"href":"https:\/\/www.schneider-chauffeur.de\/fr\/wp-json\/wp\/v2\/posts\/11587\/revisions\/11588"}],"wp:featuredmedia":[{"embeddable":true,"href":"https:\/\/www.schneider-chauffeur.de\/fr\/wp-json\/wp\/v2\/media\/11542"}],"wp:attachment":[{"href":"https:\/\/www.schneider-chauffeur.de\/fr\/wp-json\/wp\/v2\/media?parent=11587"}],"wp:term":[{"taxonomy":"category","embeddable":true,"href":"https:\/\/www.schneider-chauffeur.de\/fr\/wp-json\/wp\/v2\/categories?post=11587"},{"taxonomy":"post_tag","embeddable":true,"href":"https:\/\/www.schneider-chauffeur.de\/fr\/wp-json\/wp\/v2\/tags?post=11587"}],"curies":[{"name":"wp","href":"https:\/\/api.w.org\/{rel}","templated":true}]}}