{"id":11364,"date":"2022-07-17T15:23:31","date_gmt":"2022-07-17T13:23:31","guid":{"rendered":"https:\/\/www.schneider-chauffeur.de\/?p=11364"},"modified":"2025-08-22T13:21:55","modified_gmt":"2025-08-22T11:21:55","slug":"dkm-dortmund","status":"publish","type":"post","link":"https:\/\/www.schneider-chauffeur.de\/fr\/foires-et-evenements\/dkm-dortmund\/","title":{"rendered":"DKM Dortmund | 28.10.2025 &#8211; 29.10.2025"},"content":{"rendered":"<p><!--more--><\/p>\n<p>Le service de transfert du salon de Schneider Chauffeurservice vous offre un voyage d&#8217;arriv\u00e9e et de d\u00e9part confortable pour votre visite au DKM Dortmund. Le transfert de salon de Schneider Chauffeurservice vous offre un voyage confortable \u00e0 l&#8217;arriv\u00e9e et au d\u00e9part pour votre visite \u00e0 la DKM de Dortmund. Chaque ann\u00e9e, la DKM invite plus de 17.000 professionnels des secteurs de la finance, des assurances et de l&#8217;immobilier \u00e0 la foire de Dortmund. La devise de la DKM &#8220;Sur un pied d&#8217;\u00e9galit\u00e9 &#8211; les hommes d&#8217;action rencontrent les d\u00e9cideurs&#8221; s&#8217;y pr\u00eate bien. Les interm\u00e9diaires d&#8217;assurance, les prestataires de services financiers, les conseillers honoraires, les gestionnaires de patrimoine, les conseillers bancaires et les agents immobiliers y rencontrent non seulement des cadres sup\u00e9rieurs mais aussi des acteurs mondiaux \u00e9tablis ainsi que des prestataires de niche et des start-ups.<\/p>\n<p><img decoding=\"async\" class=\"alignleft\" style=\"width: 100%; max-width: 300px; height: auto;\" src=\"https:\/\/www.schneider-chauffeur.de\/app\/uploads\/2022\/07\/vorab3-16.jpg\" \/><\/p>\n<p>Gr\u00e2ce aux grands halls d&#8217;exposition avec diff\u00e9rents parcs th\u00e9matiques, vous aurez un aper\u00e7u complet du march\u00e9. Mais la combinaison particuli\u00e8re du salon, du r\u00e9seau et de la formation continue a encore plus \u00e0 offrir. En assistant \u00e0 des conf\u00e9rences, vous avez la possibilit\u00e9 d&#8217;obtenir des certificats de formation continue. En outre, vous pouvez participer \u00e0 diff\u00e9rents congr\u00e8s ou suivre les pr\u00e9sentations d&#8217;\u00e9minents orateurs au Speaker&#8217;s Corner.<\/p>\n<p><a class=\"button\" style=\"max-width: 300px;\" href=\"https:\/\/www.schneider-chauffeur.de\/fr\/contactez\/\" target=\"_blank\" rel=\"noopener\">Demander une r\u00e9servation ici<\/a><\/p>\n<p><img decoding=\"async\" class=\"alignright\" style=\"width: 100%; max-width: 300px; height: auto;\" src=\"https:\/\/www.schneider-chauffeur.de\/app\/uploads\/2022\/07\/dkm-17.jpg\" \/><\/p>\n<p>En outre, vous aurez la possibilit\u00e9 de d\u00e9velopper votre r\u00e9seau. Non seulement les discussions avec les d\u00e9cideurs et les salons y contribuent, mais aussi le programme de la soir\u00e9e de la DKM. Ainsi, la veille de la DKM, un Warm-Up vous permettra de nouer vos premiers contacts. Ils pourront ensuite les approfondir lors de la DKM Night, \u00e0 la fin du premier jour du salon. Lors de cette soir\u00e9e plac\u00e9e sous le signe de la f\u00eate foraine, vous pourrez \u00e9changer avec les meilleurs dirigeants du secteur et de nombreux coll\u00e8gues autour de stands et de man\u00e8ges.<\/p>\n<p>Et peu importe si vous vous rendez tous les jours au salon, \u00e0 la r\u00e9union d&#8217;\u00e9chauffement ou \u00e0 la DKM Night et retour, vous avez la possibilit\u00e9 de vous rendre \u00e0 votre destination avec style gr\u00e2ce \u00e0 notre transfert vers le salon DKM Dortmund. \u00c0 la fin de cette journ\u00e9e passionnante, l&#8217;un de nos chauffeurs professionnels se fera un plaisir de vous ramener \u00e0 votre h\u00f4tel. Et l&#8217;ann\u00e9e prochaine, lorsque le salon se tiendra \u00e0 nouveau \u00e0 sa date traditionnelle fin octobre, nous serons heureux de vous accompagner lors de votre visite de la DKM Dortmund.<\/p>\n<p>Vous trouverez plus d&#8217;informations sur la DKM \u00e0 Dortmund: <a href=\"https:\/\/www.die-leitmesse.de\/\" target=\"_blank\" rel=\"noopener\">ici<\/a><\/p>\n<p><a class=\"button\" style=\"max-width: 500px;\" href=\"https:\/\/www.schneider-chauffeur.de\/fr\/contactez\/\" target=\"_blank\" rel=\"noopener\">Demandez et r\u00e9servez maintenant un transfert exclusif pour le salon<\/a><\/p>\n<h2>Trouvez l&#8217;h\u00f4tel qui vous convient \u00e0 Dortmund<\/h2>\n<p>Vous \u00eates encore \u00e0 la recherche d&#8217;un h\u00f4tel \u00e0 Dortmund ? Faites donc un tour chez notre partenaire booking.com :<br \/>\n<ins class=\"bookingaff\" data-aid=\"2224620\" data-target_aid=\"2224620\" data-prod=\"map\" data-width=\"100%\" data-height=\"590\" data-lang=\"ualng\" data-dest_id=\"0\" data-dest_type=\"landmark\" data-latitude=\"51.5135872\" data-longitude=\"7.4652981\" data-landmark_name=\"Dortmund\" data-mwhsb=\"0\" data-address=\"Dortmund, Germany\" data-zoom=\"13\"><br \/>\n<!-- Anything inside will go away once widget is loaded. --><br \/>\n<a href=\"\/\/www.booking.com?aid=2224620\">Booking.com<\/a><br \/>\n<\/ins><br \/>\n<script type=\"text\/javascript\">\n    (function(d, sc, u) {\n      var s = d.createElement(sc), p = d.getElementsByTagName(sc)[0];\n      s.type = 'text\/javascript';\n      s.async = true;\n      s.src = u + '?v=' + (+new Date());\n      p.parentNode.insertBefore(s,p);\n      })(document, 'script', '\/\/cf.bstatic.com\/static\/affiliate_base\/js\/flexiproduct.js');\n<\/script><\/p>\n<p>Source: <a href=\"https:\/\/www.die-leitmesse.de\/\" target=\"_blank\" rel=\"noopener\">DKM Dortmund<\/a><br \/>\nImages: DKM<br \/>\nLogo: Westfalenhallen Dortmund GmbH<\/p>\n<p>&nbsp;<\/p>\n","protected":false},"excerpt":{"rendered":"","protected":false},"author":5,"featured_media":11325,"comment_status":"closed","ping_status":"open","sticky":false,"template":"","format":"standard","meta":{"footnotes":""},"categories":[41,36],"tags":[],"class_list":["post-11364","post","type-post","status-publish","format-standard","has-post-thumbnail","hentry","category-dortmund-fr","category-foires-et-evenements"],"yoast_head":"<!-- This site is optimized with the Yoast SEO Premium plugin v26.3 (Yoast SEO v26.3) - https:\/\/yoast.com\/wordpress\/plugins\/seo\/ -->\n<title>Transfert du salon DKM Dortmund | 28.10.2025 - 29.10.2025<\/title>\n<meta name=\"description\" content=\"R\u00e9servez d\u00e8s maintenant votre transfert exclusif pour le salon DKM. Schneider Chauffeurservice vous conduit de et vers la foire de Dortmund. Demandez maintenant!\" \/>\n<meta name=\"robots\" content=\"index, follow, max-snippet:-1, max-image-preview:large, max-video-preview:-1\" \/>\n<link rel=\"canonical\" href=\"https:\/\/www.schneider-chauffeur.de\/fr\/foires-et-evenements\/dkm-dortmund\/\" \/>\n<meta property=\"og:locale\" content=\"fr_FR\" \/>\n<meta property=\"og:type\" content=\"article\" \/>\n<meta property=\"og:title\" content=\"DKM Dortmund | 28.10.2025 - 29.10.2025\" \/>\n<meta property=\"og:description\" content=\"R\u00e9servez d\u00e8s maintenant votre transfert exclusif pour le salon DKM. Schneider Chauffeurservice vous conduit de et vers la foire de Dortmund. Demandez maintenant!\" \/>\n<meta property=\"og:url\" content=\"https:\/\/www.schneider-chauffeur.de\/fr\/foires-et-evenements\/dkm-dortmund\/\" \/>\n<meta property=\"og:site_name\" content=\"Schneider Chauffeurservice \u2013 Gesch\u00e4ftsreisen mit h\u00f6chstem Komfort\" \/>\n<meta property=\"article:publisher\" content=\"https:\/\/www.facebook.com\/SchneiderChauffeurservice\" \/>\n<meta property=\"article:published_time\" content=\"2022-07-17T13:23:31+00:00\" \/>\n<meta property=\"article:modified_time\" content=\"2025-08-22T11:21:55+00:00\" \/>\n<meta property=\"og:image\" content=\"https:\/\/www.schneider-chauffeur.de\/app\/uploads\/2022\/07\/57611727_2313317495355237_1011_9d6dec09c4.jpg\" \/>\n\t<meta property=\"og:image:width\" content=\"460\" \/>\n\t<meta property=\"og:image:height\" content=\"460\" \/>\n\t<meta property=\"og:image:type\" content=\"image\/jpeg\" \/>\n<meta name=\"author\" content=\"Laura Rudis\" \/>\n<meta name=\"twitter:card\" content=\"summary_large_image\" \/>\n<meta name=\"twitter:label1\" content=\"Written by\" \/>\n\t<meta name=\"twitter:data1\" content=\"Laura Rudis\" \/>\n\t<meta name=\"twitter:label2\" content=\"Est. reading time\" \/>\n\t<meta name=\"twitter:data2\" content=\"4 minutes\" \/>\n<script type=\"application\/ld+json\" class=\"yoast-schema-graph\">{\"@context\":\"https:\/\/schema.org\",\"@graph\":[{\"@type\":\"Article\",\"@id\":\"https:\/\/www.schneider-chauffeur.de\/fr\/foires-et-evenements\/dkm-dortmund\/#article\",\"isPartOf\":{\"@id\":\"https:\/\/www.schneider-chauffeur.de\/fr\/foires-et-evenements\/dkm-dortmund\/\"},\"author\":{\"name\":\"Laura Rudis\",\"@id\":\"https:\/\/www.schneider-chauffeur.de\/fr\/#\/schema\/person\/e9907d0b07cf9980dbd91adc56cdab86\"},\"headline\":\"DKM Dortmund | 28.10.2025 &#8211; 29.10.2025\",\"datePublished\":\"2022-07-17T13:23:31+00:00\",\"dateModified\":\"2025-08-22T11:21:55+00:00\",\"mainEntityOfPage\":{\"@id\":\"https:\/\/www.schneider-chauffeur.de\/fr\/foires-et-evenements\/dkm-dortmund\/\"},\"wordCount\":493,\"publisher\":{\"@id\":\"https:\/\/www.schneider-chauffeur.de\/fr\/#organization\"},\"image\":{\"@id\":\"https:\/\/www.schneider-chauffeur.de\/fr\/foires-et-evenements\/dkm-dortmund\/#primaryimage\"},\"thumbnailUrl\":\"https:\/\/cdn.schneider-chauffeur.de\/app\/uploads\/2022\/07\/57611727_2313317495355237_1011_9d6dec09c4.jpg\",\"articleSection\":[\"Dortmund\",\"Foires et \u00e9v\u00e9nements\"],\"inLanguage\":\"fr-FR\"},{\"@type\":\"WebPage\",\"@id\":\"https:\/\/www.schneider-chauffeur.de\/fr\/foires-et-evenements\/dkm-dortmund\/\",\"url\":\"https:\/\/www.schneider-chauffeur.de\/fr\/foires-et-evenements\/dkm-dortmund\/\",\"name\":\"Transfert du salon DKM Dortmund | 28.10.2025 - 29.10.2025\",\"isPartOf\":{\"@id\":\"https:\/\/www.schneider-chauffeur.de\/fr\/#website\"},\"primaryImageOfPage\":{\"@id\":\"https:\/\/www.schneider-chauffeur.de\/fr\/foires-et-evenements\/dkm-dortmund\/#primaryimage\"},\"image\":{\"@id\":\"https:\/\/www.schneider-chauffeur.de\/fr\/foires-et-evenements\/dkm-dortmund\/#primaryimage\"},\"thumbnailUrl\":\"https:\/\/cdn.schneider-chauffeur.de\/app\/uploads\/2022\/07\/57611727_2313317495355237_1011_9d6dec09c4.jpg\",\"datePublished\":\"2022-07-17T13:23:31+00:00\",\"dateModified\":\"2025-08-22T11:21:55+00:00\",\"description\":\"R\u00e9servez d\u00e8s maintenant votre transfert exclusif pour le salon DKM. Schneider Chauffeurservice vous conduit de et vers la foire de Dortmund. Demandez maintenant!\",\"breadcrumb\":{\"@id\":\"https:\/\/www.schneider-chauffeur.de\/fr\/foires-et-evenements\/dkm-dortmund\/#breadcrumb\"},\"inLanguage\":\"fr-FR\",\"potentialAction\":[{\"@type\":\"ReadAction\",\"target\":[\"https:\/\/www.schneider-chauffeur.de\/fr\/foires-et-evenements\/dkm-dortmund\/\"]}]},{\"@type\":\"ImageObject\",\"inLanguage\":\"fr-FR\",\"@id\":\"https:\/\/www.schneider-chauffeur.de\/fr\/foires-et-evenements\/dkm-dortmund\/#primaryimage\",\"url\":\"https:\/\/cdn.schneider-chauffeur.de\/app\/uploads\/2022\/07\/57611727_2313317495355237_1011_9d6dec09c4.jpg\",\"contentUrl\":\"https:\/\/cdn.schneider-chauffeur.de\/app\/uploads\/2022\/07\/57611727_2313317495355237_1011_9d6dec09c4.jpg\",\"width\":460,\"height\":460,\"caption\":\"Logo der DKM\"},{\"@type\":\"BreadcrumbList\",\"@id\":\"https:\/\/www.schneider-chauffeur.de\/fr\/foires-et-evenements\/dkm-dortmund\/#breadcrumb\",\"itemListElement\":[{\"@type\":\"ListItem\",\"position\":1,\"name\":\"Page d\u2019accueil\",\"item\":\"https:\/\/www.schneider-chauffeur.de\/fr\/\"},{\"@type\":\"ListItem\",\"position\":2,\"name\":\"Foires et \u00e9v\u00e9nements\",\"item\":\"https:\/\/www.schneider-chauffeur.de\/fr\/foires-et-evenements\/\"},{\"@type\":\"ListItem\",\"position\":3,\"name\":\"DKM Dortmund | 28.10.2025 &#8211; 29.10.2025\"}]},{\"@type\":\"WebSite\",\"@id\":\"https:\/\/www.schneider-chauffeur.de\/fr\/#website\",\"url\":\"https:\/\/www.schneider-chauffeur.de\/fr\/\",\"name\":\"Schneider Chauffeurservice \u2013 Gesch\u00e4ftsreisen mit h\u00f6chstem Komfort\",\"description\":\"\",\"publisher\":{\"@id\":\"https:\/\/www.schneider-chauffeur.de\/fr\/#organization\"},\"potentialAction\":[{\"@type\":\"SearchAction\",\"target\":{\"@type\":\"EntryPoint\",\"urlTemplate\":\"https:\/\/www.schneider-chauffeur.de\/fr\/?s={search_term_string}\"},\"query-input\":{\"@type\":\"PropertyValueSpecification\",\"valueRequired\":true,\"valueName\":\"search_term_string\"}}],\"inLanguage\":\"fr-FR\"},{\"@type\":[\"Organization\",\"Place\"],\"@id\":\"https:\/\/www.schneider-chauffeur.de\/fr\/#organization\",\"name\":\"Schneider Chauffeurservice\",\"url\":\"https:\/\/www.schneider-chauffeur.de\/fr\/\",\"logo\":{\"@id\":\"https:\/\/www.schneider-chauffeur.de\/fr\/foires-et-evenements\/dkm-dortmund\/#local-main-organization-logo\"},\"image\":{\"@id\":\"https:\/\/www.schneider-chauffeur.de\/fr\/foires-et-evenements\/dkm-dortmund\/#local-main-organization-logo\"},\"sameAs\":[\"https:\/\/www.facebook.com\/SchneiderChauffeurservice\",\"https:\/\/www.linkedin.com\/company\/schneider-chauffeurservice\/\",\"https:\/\/www.instagram.com\/schneider_chauffeurservice\/\"],\"legalName\":\"Schneider Chauffeurservice\",\"numberOfEmployees\":{\"@type\":\"QuantitativeValue\",\"minValue\":\"11\",\"maxValue\":\"50\"},\"address\":{\"@id\":\"https:\/\/www.schneider-chauffeur.de\/fr\/foires-et-evenements\/dkm-dortmund\/#local-main-place-address\"},\"telephone\":[\"+49 20185892980\"],\"contactPoint\":{\"@type\":\"ContactPoint\",\"telephone\":\"+49 20185892980\",\"email\":\"info@schneider-chauffeur.de\"},\"openingHoursSpecification\":[{\"@type\":\"OpeningHoursSpecification\",\"dayOfWeek\":[\"Monday\",\"Tuesday\",\"Wednesday\",\"Thursday\",\"Friday\",\"Saturday\",\"Sunday\"],\"opens\":\"09:00\",\"closes\":\"17:00\"}],\"email\":\"info@schneider-chauffeur.de\",\"faxNumber\":\"Schneider Chauffeurservice\",\"areaServed\":\"Germany\"},{\"@type\":\"Person\",\"@id\":\"https:\/\/www.schneider-chauffeur.de\/fr\/#\/schema\/person\/e9907d0b07cf9980dbd91adc56cdab86\",\"name\":\"Laura Rudis\",\"image\":{\"@type\":\"ImageObject\",\"inLanguage\":\"fr-FR\",\"@id\":\"https:\/\/www.schneider-chauffeur.de\/fr\/#\/schema\/person\/image\/\",\"url\":\"https:\/\/www.schneider-chauffeur.de\/app\/litespeed\/avatar\/c8efd42cc3df90438a758df3b6a03ff9.jpg?ver=1777087948\",\"contentUrl\":\"https:\/\/www.schneider-chauffeur.de\/app\/litespeed\/avatar\/c8efd42cc3df90438a758df3b6a03ff9.jpg?ver=1777087948\",\"caption\":\"Laura Rudis\"}},{\"@type\":\"PostalAddress\",\"@id\":\"https:\/\/www.schneider-chauffeur.de\/fr\/foires-et-evenements\/dkm-dortmund\/#local-main-place-address\",\"streetAddress\":\"Hohenzollernstr. 24\",\"addressLocality\":\"Essen\",\"postalCode\":\"45128\",\"addressCountry\":\"DE\"},{\"@type\":\"ImageObject\",\"inLanguage\":\"fr-FR\",\"@id\":\"https:\/\/www.schneider-chauffeur.de\/fr\/foires-et-evenements\/dkm-dortmund\/#local-main-organization-logo\",\"url\":\"https:\/\/cdn.schneider-chauffeur.de\/app\/uploads\/2019\/08\/logo-schneider-chauffeur-service.svg\",\"contentUrl\":\"https:\/\/cdn.schneider-chauffeur.de\/app\/uploads\/2019\/08\/logo-schneider-chauffeur-service.svg\",\"caption\":\"Schneider Chauffeurservice\"}]}<\/script>\n<meta name=\"geo.placename\" content=\"Essen\" \/>\n<meta name=\"geo.region\" content=\"Germany\" \/>\n<!-- \/ Yoast SEO Premium plugin. -->","yoast_head_json":{"title":"Transfert du salon DKM Dortmund | 28.10.2025 - 29.10.2025","description":"R\u00e9servez d\u00e8s maintenant votre transfert exclusif pour le salon DKM. Schneider Chauffeurservice vous conduit de et vers la foire de Dortmund. Demandez maintenant!","robots":{"index":"index","follow":"follow","max-snippet":"max-snippet:-1","max-image-preview":"max-image-preview:large","max-video-preview":"max-video-preview:-1"},"canonical":"https:\/\/www.schneider-chauffeur.de\/fr\/foires-et-evenements\/dkm-dortmund\/","og_locale":"fr_FR","og_type":"article","og_title":"DKM Dortmund | 28.10.2025 - 29.10.2025","og_description":"R\u00e9servez d\u00e8s maintenant votre transfert exclusif pour le salon DKM. Schneider Chauffeurservice vous conduit de et vers la foire de Dortmund. Demandez maintenant!","og_url":"https:\/\/www.schneider-chauffeur.de\/fr\/foires-et-evenements\/dkm-dortmund\/","og_site_name":"Schneider Chauffeurservice \u2013 Gesch\u00e4ftsreisen mit h\u00f6chstem Komfort","article_publisher":"https:\/\/www.facebook.com\/SchneiderChauffeurservice","article_published_time":"2022-07-17T13:23:31+00:00","article_modified_time":"2025-08-22T11:21:55+00:00","og_image":[{"width":460,"height":460,"url":"https:\/\/www.schneider-chauffeur.de\/app\/uploads\/2022\/07\/57611727_2313317495355237_1011_9d6dec09c4.jpg","type":"image\/jpeg"}],"author":"Laura Rudis","twitter_card":"summary_large_image","twitter_misc":{"Written by":"Laura Rudis","Est. reading time":"4 minutes"},"schema":{"@context":"https:\/\/schema.org","@graph":[{"@type":"Article","@id":"https:\/\/www.schneider-chauffeur.de\/fr\/foires-et-evenements\/dkm-dortmund\/#article","isPartOf":{"@id":"https:\/\/www.schneider-chauffeur.de\/fr\/foires-et-evenements\/dkm-dortmund\/"},"author":{"name":"Laura Rudis","@id":"https:\/\/www.schneider-chauffeur.de\/fr\/#\/schema\/person\/e9907d0b07cf9980dbd91adc56cdab86"},"headline":"DKM Dortmund | 28.10.2025 &#8211; 29.10.2025","datePublished":"2022-07-17T13:23:31+00:00","dateModified":"2025-08-22T11:21:55+00:00","mainEntityOfPage":{"@id":"https:\/\/www.schneider-chauffeur.de\/fr\/foires-et-evenements\/dkm-dortmund\/"},"wordCount":493,"publisher":{"@id":"https:\/\/www.schneider-chauffeur.de\/fr\/#organization"},"image":{"@id":"https:\/\/www.schneider-chauffeur.de\/fr\/foires-et-evenements\/dkm-dortmund\/#primaryimage"},"thumbnailUrl":"https:\/\/cdn.schneider-chauffeur.de\/app\/uploads\/2022\/07\/57611727_2313317495355237_1011_9d6dec09c4.jpg","articleSection":["Dortmund","Foires et \u00e9v\u00e9nements"],"inLanguage":"fr-FR"},{"@type":"WebPage","@id":"https:\/\/www.schneider-chauffeur.de\/fr\/foires-et-evenements\/dkm-dortmund\/","url":"https:\/\/www.schneider-chauffeur.de\/fr\/foires-et-evenements\/dkm-dortmund\/","name":"Transfert du salon DKM Dortmund | 28.10.2025 - 29.10.2025","isPartOf":{"@id":"https:\/\/www.schneider-chauffeur.de\/fr\/#website"},"primaryImageOfPage":{"@id":"https:\/\/www.schneider-chauffeur.de\/fr\/foires-et-evenements\/dkm-dortmund\/#primaryimage"},"image":{"@id":"https:\/\/www.schneider-chauffeur.de\/fr\/foires-et-evenements\/dkm-dortmund\/#primaryimage"},"thumbnailUrl":"https:\/\/cdn.schneider-chauffeur.de\/app\/uploads\/2022\/07\/57611727_2313317495355237_1011_9d6dec09c4.jpg","datePublished":"2022-07-17T13:23:31+00:00","dateModified":"2025-08-22T11:21:55+00:00","description":"R\u00e9servez d\u00e8s maintenant votre transfert exclusif pour le salon DKM. Schneider Chauffeurservice vous conduit de et vers la foire de Dortmund. Demandez maintenant!","breadcrumb":{"@id":"https:\/\/www.schneider-chauffeur.de\/fr\/foires-et-evenements\/dkm-dortmund\/#breadcrumb"},"inLanguage":"fr-FR","potentialAction":[{"@type":"ReadAction","target":["https:\/\/www.schneider-chauffeur.de\/fr\/foires-et-evenements\/dkm-dortmund\/"]}]},{"@type":"ImageObject","inLanguage":"fr-FR","@id":"https:\/\/www.schneider-chauffeur.de\/fr\/foires-et-evenements\/dkm-dortmund\/#primaryimage","url":"https:\/\/cdn.schneider-chauffeur.de\/app\/uploads\/2022\/07\/57611727_2313317495355237_1011_9d6dec09c4.jpg","contentUrl":"https:\/\/cdn.schneider-chauffeur.de\/app\/uploads\/2022\/07\/57611727_2313317495355237_1011_9d6dec09c4.jpg","width":460,"height":460,"caption":"Logo der DKM"},{"@type":"BreadcrumbList","@id":"https:\/\/www.schneider-chauffeur.de\/fr\/foires-et-evenements\/dkm-dortmund\/#breadcrumb","itemListElement":[{"@type":"ListItem","position":1,"name":"Page d\u2019accueil","item":"https:\/\/www.schneider-chauffeur.de\/fr\/"},{"@type":"ListItem","position":2,"name":"Foires et \u00e9v\u00e9nements","item":"https:\/\/www.schneider-chauffeur.de\/fr\/foires-et-evenements\/"},{"@type":"ListItem","position":3,"name":"DKM Dortmund | 28.10.2025 &#8211; 29.10.2025"}]},{"@type":"WebSite","@id":"https:\/\/www.schneider-chauffeur.de\/fr\/#website","url":"https:\/\/www.schneider-chauffeur.de\/fr\/","name":"Schneider Chauffeurservice \u2013 Gesch\u00e4ftsreisen mit h\u00f6chstem Komfort","description":"","publisher":{"@id":"https:\/\/www.schneider-chauffeur.de\/fr\/#organization"},"potentialAction":[{"@type":"SearchAction","target":{"@type":"EntryPoint","urlTemplate":"https:\/\/www.schneider-chauffeur.de\/fr\/?s={search_term_string}"},"query-input":{"@type":"PropertyValueSpecification","valueRequired":true,"valueName":"search_term_string"}}],"inLanguage":"fr-FR"},{"@type":["Organization","Place"],"@id":"https:\/\/www.schneider-chauffeur.de\/fr\/#organization","name":"Schneider Chauffeurservice","url":"https:\/\/www.schneider-chauffeur.de\/fr\/","logo":{"@id":"https:\/\/www.schneider-chauffeur.de\/fr\/foires-et-evenements\/dkm-dortmund\/#local-main-organization-logo"},"image":{"@id":"https:\/\/www.schneider-chauffeur.de\/fr\/foires-et-evenements\/dkm-dortmund\/#local-main-organization-logo"},"sameAs":["https:\/\/www.facebook.com\/SchneiderChauffeurservice","https:\/\/www.linkedin.com\/company\/schneider-chauffeurservice\/","https:\/\/www.instagram.com\/schneider_chauffeurservice\/"],"legalName":"Schneider Chauffeurservice","numberOfEmployees":{"@type":"QuantitativeValue","minValue":"11","maxValue":"50"},"address":{"@id":"https:\/\/www.schneider-chauffeur.de\/fr\/foires-et-evenements\/dkm-dortmund\/#local-main-place-address"},"telephone":["+49 20185892980"],"contactPoint":{"@type":"ContactPoint","telephone":"+49 20185892980","email":"info@schneider-chauffeur.de"},"openingHoursSpecification":[{"@type":"OpeningHoursSpecification","dayOfWeek":["Monday","Tuesday","Wednesday","Thursday","Friday","Saturday","Sunday"],"opens":"09:00","closes":"17:00"}],"email":"info@schneider-chauffeur.de","faxNumber":"Schneider Chauffeurservice","areaServed":"Germany"},{"@type":"Person","@id":"https:\/\/www.schneider-chauffeur.de\/fr\/#\/schema\/person\/e9907d0b07cf9980dbd91adc56cdab86","name":"Laura Rudis","image":{"@type":"ImageObject","inLanguage":"fr-FR","@id":"https:\/\/www.schneider-chauffeur.de\/fr\/#\/schema\/person\/image\/","url":"https:\/\/www.schneider-chauffeur.de\/app\/litespeed\/avatar\/c8efd42cc3df90438a758df3b6a03ff9.jpg?ver=1777087948","contentUrl":"https:\/\/www.schneider-chauffeur.de\/app\/litespeed\/avatar\/c8efd42cc3df90438a758df3b6a03ff9.jpg?ver=1777087948","caption":"Laura Rudis"}},{"@type":"PostalAddress","@id":"https:\/\/www.schneider-chauffeur.de\/fr\/foires-et-evenements\/dkm-dortmund\/#local-main-place-address","streetAddress":"Hohenzollernstr. 24","addressLocality":"Essen","postalCode":"45128","addressCountry":"DE"},{"@type":"ImageObject","inLanguage":"fr-FR","@id":"https:\/\/www.schneider-chauffeur.de\/fr\/foires-et-evenements\/dkm-dortmund\/#local-main-organization-logo","url":"https:\/\/cdn.schneider-chauffeur.de\/app\/uploads\/2019\/08\/logo-schneider-chauffeur-service.svg","contentUrl":"https:\/\/cdn.schneider-chauffeur.de\/app\/uploads\/2019\/08\/logo-schneider-chauffeur-service.svg","caption":"Schneider Chauffeurservice"}]},"geo.placename":"Essen","geo.region":"Germany"},"_links":{"self":[{"href":"https:\/\/www.schneider-chauffeur.de\/fr\/wp-json\/wp\/v2\/posts\/11364","targetHints":{"allow":["GET"]}}],"collection":[{"href":"https:\/\/www.schneider-chauffeur.de\/fr\/wp-json\/wp\/v2\/posts"}],"about":[{"href":"https:\/\/www.schneider-chauffeur.de\/fr\/wp-json\/wp\/v2\/types\/post"}],"author":[{"embeddable":true,"href":"https:\/\/www.schneider-chauffeur.de\/fr\/wp-json\/wp\/v2\/users\/5"}],"replies":[{"embeddable":true,"href":"https:\/\/www.schneider-chauffeur.de\/fr\/wp-json\/wp\/v2\/comments?post=11364"}],"version-history":[{"count":4,"href":"https:\/\/www.schneider-chauffeur.de\/fr\/wp-json\/wp\/v2\/posts\/11364\/revisions"}],"predecessor-version":[{"id":11365,"href":"https:\/\/www.schneider-chauffeur.de\/fr\/wp-json\/wp\/v2\/posts\/11364\/revisions\/11365"}],"wp:featuredmedia":[{"embeddable":true,"href":"https:\/\/www.schneider-chauffeur.de\/fr\/wp-json\/wp\/v2\/media\/11325"}],"wp:attachment":[{"href":"https:\/\/www.schneider-chauffeur.de\/fr\/wp-json\/wp\/v2\/media?parent=11364"}],"wp:term":[{"taxonomy":"category","embeddable":true,"href":"https:\/\/www.schneider-chauffeur.de\/fr\/wp-json\/wp\/v2\/categories?post=11364"},{"taxonomy":"post_tag","embeddable":true,"href":"https:\/\/www.schneider-chauffeur.de\/fr\/wp-json\/wp\/v2\/tags?post=11364"}],"curies":[{"name":"wp","href":"https:\/\/api.w.org\/{rel}","templated":true}]}}