{"id":10054,"date":"2020-02-17T18:23:20","date_gmt":"2020-02-17T16:23:20","guid":{"rendered":"https:\/\/www.schneider-chauffeur.de\/foires-et-evenements\/wire\/"},"modified":"2024-08-29T17:12:10","modified_gmt":"2024-08-29T15:12:10","slug":"wire","status":"publish","type":"post","link":"https:\/\/www.schneider-chauffeur.de\/fr\/foires-et-evenements\/wire\/","title":{"rendered":"Wire D\u00fcsseldorf | 18.02.2025 &#8211; 20.02.2025"},"content":{"rendered":"<p><!--more--><\/p>\n<p>Rendez-vous ensemble avec Schneider Chauffeurservice au salon wire 2024 \u00e0 D\u00fcsseldorf. Nous vous proposons un transfert exclusif directement vers le parc des expositions. Votre avantage : vous \u00e9conomisez du temps et du stress lors du voyage, car notre chauffeur form\u00e9 vient vous chercher \u00e0 l&#8217;endroit de votre choix et vous transporte rapidement et en toute s\u00e9curit\u00e9 au salon professionnel international du fil et du c\u00e2ble. Prenez place et utilisez le temps de mani\u00e8re productive pour travailler ou d\u00e9tendez-vous dans votre si\u00e8ge et profitez du trajet agr\u00e9able.<\/p>\n<p><img decoding=\"async\" class=\"alignleft\" style=\"width: 100%; max-width: 300px; height: auto;\" src=\"https:\/\/www.schneider-chauffeur.de\/app\/uploads\/2022\/06\/wire18_MT5454.jpg\" \/><\/p>\n<p>Le salon wire invite les visiteurs et les exposants de l&#8217;industrie automobile, des t\u00e9l\u00e9communications, de la construction et des secteurs de la chimie, du gaz et du p\u00e9trole \u00e0 nouer des contacts et \u00e0 trouver de nouveaux partenaires commerciaux. Les outils, les mat\u00e9riaux et les techniques de contr\u00f4le ne sont que quelques-uns des nombreux domaines th\u00e9matiques de l&#8217;industrie du fil et du c\u00e2ble qui sont mis en avant lors du salon wire.<\/p>\n<p><a class=\"button\" style=\"max-width: 300px;\" href=\"https:\/\/www.schneider-chauffeur.de\/fr\/contactez\/\" target=\"_blank\" rel=\"noopener\">Demander une r\u00e9servation ici<\/a><\/p>\n<p><img decoding=\"async\" class=\"alignright\" style=\"width: 100%; max-width: 300px; height: auto;\" src=\"https:\/\/www.schneider-chauffeur.de\/app\/uploads\/2022\/06\/wire18_MT5803.jpg\" \/><\/p>\n<p>Sur place, vous rencontrerez des innovateurs et des investisseurs du secteur. Mettez-vous en r\u00e9seau et trouvez de nouveaux partenaires. Visitez \u00e9galement la rencontre d&#8217;experts qui aura lieu pour la premi\u00e8re fois cette ann\u00e9e sur le th\u00e8me &#8220;L&#8217;industrie de l&#8217;acier acc\u00e9l\u00e8re sa transformation verte&#8221; et suivez des conf\u00e9rences et des discussions passionnantes sur ce sujet d&#8217;actualit\u00e9.<\/p>\n<p>Lorsque votre s\u00e9jour au salon wire D\u00fcsseldorf touche \u00e0 sa fin, votre chauffeur personnel de Schneider Chauffeurservice se tient \u00e0 votre disposition pour vous conduire \u00e0 votre prochaine destination ou vous ramener au lieu de prise en charge. Votre avantage : vous n&#8217;avez plus \u00e0 vous soucier de votre d\u00e9part du parc des expositions. R\u00e9jouissez-vous d&#8217;un retour s\u00fbr et d\u00e9tendu de la foire avec Schneider Chauffeurservice jusqu&#8217;\u00e0 votre arriv\u00e9e au restaurant, \u00e0 l&#8217;h\u00f4tel ou \u00e0 l&#8217;a\u00e9roport.<\/p>\n<p>Vous trouverez plus d&#8217;informations sur wire D\u00fcsseldorf: <a href=\"https:\/\/www.wire.de\/\" target=\"_blank\" rel=\"noopener\">hier<\/a><\/p>\n<p><a class=\"button\" style=\"max-width: 500px;\" href=\"https:\/\/www.schneider-chauffeur.de\/fr\/contactez\/\" target=\"_blank\" rel=\"noopener\">Demandez et r\u00e9servez maintenant un transfert exclusif pour le salon<\/a><\/p>\n<h2>Trouvez l&#8217;h\u00f4tel qui vous convient \u00e0 D\u00fcsseldorf<\/h2>\n<p>Vous \u00eates encore \u00e0 la recherche d&#8217;un h\u00f4tel \u00e0 D\u00fcsseldorf ? Faites donc un tour chez notre partenaire booking.com :<br \/>\n<ins class=\"bookingaff\" data-aid=\"2224466\" data-target_aid=\"2224466\" data-prod=\"map\" data-width=\"100%\" data-height=\"590\" data-lang=\"ualng\" data-dest_id=\"0\" data-dest_type=\"landmark\" data-latitude=\"51.2277411\" data-longitude=\"6.7734556\" data-landmark_name=\"D\u00fcsseldorf, Germany\" data-mwhsb=\"0\" data-address=\"D\u00fcsseldorf, Germany\" data-zoom=\"13\"><br \/>\n<!-- Anything inside will go away once widget is loaded. --><br \/>\n<a href=\"\/\/www.booking.com?aid=2224466\">Booking.com<\/a><br \/>\n<\/ins><br \/>\n<script type=\"text\/javascript\">\n    (function(d, sc, u) {\n      var s = d.createElement(sc), p = d.getElementsByTagName(sc)[0];\n      s.type = 'text\/javascript';\n      s.async = true;\n      s.src = u + '?v=' + (+new Date());\n      p.parentNode.insertBefore(s,p);\n      })(document, 'script', '\/\/cf.bstatic.com\/static\/affiliate_base\/js\/flexiproduct.js');\n<\/script><\/p>\n<p>Source: <a href=\"https:\/\/www.wire.de\/\" target=\"_blank\" rel=\"noopener\">wire<\/a><br \/>\nSource: <a href=\"https:\/\/www.messe-duesseldorf.de\" target=\"_blank\" rel=\"noopener\">Messe D\u00fcsseldorf GmbH<\/a><br \/>\nImages: Messe D\u00fcsseldorf \/ ctillmann<\/p>\n<p>&nbsp;<\/p>\n","protected":false},"excerpt":{"rendered":"","protected":false},"author":3,"featured_media":9989,"comment_status":"closed","ping_status":"open","sticky":false,"template":"","format":"standard","meta":{"footnotes":""},"categories":[42,36],"tags":[],"class_list":["post-10054","post","type-post","status-publish","format-standard","has-post-thumbnail","hentry","category-duesseldorf-fr","category-foires-et-evenements"],"yoast_head":"<!-- This site is optimized with the Yoast SEO Premium plugin v26.3 (Yoast SEO v26.3) - https:\/\/yoast.com\/wordpress\/plugins\/seo\/ -->\n<title>Transfert du salon Wire D\u00fcsseldorf | 18.02.2025 - 20.02.2025 |<\/title>\n<meta name=\"description\" content=\"R\u00e9servez d\u00e8s maintenant votre transfert pour le salon Wire D\u00fcsseldorf. Schneider Chauffeurservice vous conduit de et vers le salon Wire \u00e0 D\u00fcsseldorf. Demandez maintenant!\" \/>\n<meta name=\"robots\" content=\"index, follow, max-snippet:-1, max-image-preview:large, max-video-preview:-1\" \/>\n<link rel=\"canonical\" href=\"https:\/\/www.schneider-chauffeur.de\/fr\/foires-et-evenements\/wire\/\" \/>\n<meta property=\"og:locale\" content=\"fr_FR\" \/>\n<meta property=\"og:type\" content=\"article\" \/>\n<meta property=\"og:title\" content=\"Wire D\u00fcsseldorf | 18.02.2025 - 20.02.2025\" \/>\n<meta property=\"og:description\" content=\"R\u00e9servez d\u00e8s maintenant votre transfert pour le salon Wire D\u00fcsseldorf. Schneider Chauffeurservice vous conduit de et vers le salon Wire \u00e0 D\u00fcsseldorf. Demandez maintenant!\" \/>\n<meta property=\"og:url\" content=\"https:\/\/www.schneider-chauffeur.de\/fr\/foires-et-evenements\/wire\/\" \/>\n<meta property=\"og:site_name\" content=\"Schneider Chauffeurservice \u2013 Gesch\u00e4ftsreisen mit h\u00f6chstem Komfort\" \/>\n<meta property=\"article:publisher\" content=\"https:\/\/www.facebook.com\/SchneiderChauffeurservice\" \/>\n<meta property=\"article:published_time\" content=\"2020-02-17T16:23:20+00:00\" \/>\n<meta property=\"article:modified_time\" content=\"2024-08-29T15:12:10+00:00\" \/>\n<meta property=\"og:image\" content=\"https:\/\/www.schneider-chauffeur.de\/app\/uploads\/2022\/06\/wir1802_tm01_rgb01.gif\" \/>\n\t<meta property=\"og:image:width\" content=\"1229\" \/>\n\t<meta property=\"og:image:height\" content=\"1648\" \/>\n\t<meta property=\"og:image:type\" content=\"image\/gif\" \/>\n<meta name=\"author\" content=\"Thomas Schneider\" \/>\n<meta name=\"twitter:card\" content=\"summary_large_image\" \/>\n<meta name=\"twitter:label1\" content=\"Written by\" \/>\n\t<meta name=\"twitter:data1\" content=\"Thomas Schneider\" \/>\n\t<meta name=\"twitter:label2\" content=\"Est. reading time\" \/>\n\t<meta name=\"twitter:data2\" content=\"3 minutes\" \/>\n<script type=\"application\/ld+json\" class=\"yoast-schema-graph\">{\"@context\":\"https:\/\/schema.org\",\"@graph\":[{\"@type\":\"Article\",\"@id\":\"https:\/\/www.schneider-chauffeur.de\/fr\/foires-et-evenements\/wire\/#article\",\"isPartOf\":{\"@id\":\"https:\/\/www.schneider-chauffeur.de\/fr\/foires-et-evenements\/wire\/\"},\"author\":{\"name\":\"Thomas Schneider\",\"@id\":\"https:\/\/www.schneider-chauffeur.de\/fr\/#\/schema\/person\/b969da03d774af606ff2bd9744dbbfaa\"},\"headline\":\"Wire D\u00fcsseldorf | 18.02.2025 &#8211; 20.02.2025\",\"datePublished\":\"2020-02-17T16:23:20+00:00\",\"dateModified\":\"2024-08-29T15:12:10+00:00\",\"mainEntityOfPage\":{\"@id\":\"https:\/\/www.schneider-chauffeur.de\/fr\/foires-et-evenements\/wire\/\"},\"wordCount\":391,\"publisher\":{\"@id\":\"https:\/\/www.schneider-chauffeur.de\/fr\/#organization\"},\"image\":{\"@id\":\"https:\/\/www.schneider-chauffeur.de\/fr\/foires-et-evenements\/wire\/#primaryimage\"},\"thumbnailUrl\":\"https:\/\/cdn.schneider-chauffeur.de\/app\/uploads\/2022\/06\/wir1802_tm01_rgb01.gif\",\"articleSection\":[\"D\u00fcsseldorf\",\"Foires et \u00e9v\u00e9nements\"],\"inLanguage\":\"fr-FR\"},{\"@type\":\"WebPage\",\"@id\":\"https:\/\/www.schneider-chauffeur.de\/fr\/foires-et-evenements\/wire\/\",\"url\":\"https:\/\/www.schneider-chauffeur.de\/fr\/foires-et-evenements\/wire\/\",\"name\":\"Transfert du salon Wire D\u00fcsseldorf | 18.02.2025 - 20.02.2025 |\",\"isPartOf\":{\"@id\":\"https:\/\/www.schneider-chauffeur.de\/fr\/#website\"},\"primaryImageOfPage\":{\"@id\":\"https:\/\/www.schneider-chauffeur.de\/fr\/foires-et-evenements\/wire\/#primaryimage\"},\"image\":{\"@id\":\"https:\/\/www.schneider-chauffeur.de\/fr\/foires-et-evenements\/wire\/#primaryimage\"},\"thumbnailUrl\":\"https:\/\/cdn.schneider-chauffeur.de\/app\/uploads\/2022\/06\/wir1802_tm01_rgb01.gif\",\"datePublished\":\"2020-02-17T16:23:20+00:00\",\"dateModified\":\"2024-08-29T15:12:10+00:00\",\"description\":\"R\u00e9servez d\u00e8s maintenant votre transfert pour le salon Wire D\u00fcsseldorf. Schneider Chauffeurservice vous conduit de et vers le salon Wire \u00e0 D\u00fcsseldorf. Demandez maintenant!\",\"breadcrumb\":{\"@id\":\"https:\/\/www.schneider-chauffeur.de\/fr\/foires-et-evenements\/wire\/#breadcrumb\"},\"inLanguage\":\"fr-FR\",\"potentialAction\":[{\"@type\":\"ReadAction\",\"target\":[\"https:\/\/www.schneider-chauffeur.de\/fr\/foires-et-evenements\/wire\/\"]}]},{\"@type\":\"ImageObject\",\"inLanguage\":\"fr-FR\",\"@id\":\"https:\/\/www.schneider-chauffeur.de\/fr\/foires-et-evenements\/wire\/#primaryimage\",\"url\":\"https:\/\/cdn.schneider-chauffeur.de\/app\/uploads\/2022\/06\/wir1802_tm01_rgb01.gif\",\"contentUrl\":\"https:\/\/cdn.schneider-chauffeur.de\/app\/uploads\/2022\/06\/wir1802_tm01_rgb01.gif\",\"width\":1229,\"height\":1648,\"caption\":\"Logo der wire D\u00fcsseldorf 2022\"},{\"@type\":\"BreadcrumbList\",\"@id\":\"https:\/\/www.schneider-chauffeur.de\/fr\/foires-et-evenements\/wire\/#breadcrumb\",\"itemListElement\":[{\"@type\":\"ListItem\",\"position\":1,\"name\":\"Page d\u2019accueil\",\"item\":\"https:\/\/www.schneider-chauffeur.de\/fr\/\"},{\"@type\":\"ListItem\",\"position\":2,\"name\":\"Foires et \u00e9v\u00e9nements\",\"item\":\"https:\/\/www.schneider-chauffeur.de\/fr\/foires-et-evenements\/\"},{\"@type\":\"ListItem\",\"position\":3,\"name\":\"D\u00fcsseldorf\",\"item\":\"https:\/\/www.schneider-chauffeur.de\/fr\/foires-et-evenements\/duesseldorf-fr\/\"},{\"@type\":\"ListItem\",\"position\":4,\"name\":\"Wire D\u00fcsseldorf | 18.02.2025 &#8211; 20.02.2025\"}]},{\"@type\":\"WebSite\",\"@id\":\"https:\/\/www.schneider-chauffeur.de\/fr\/#website\",\"url\":\"https:\/\/www.schneider-chauffeur.de\/fr\/\",\"name\":\"Schneider Chauffeurservice \u2013 Gesch\u00e4ftsreisen mit h\u00f6chstem Komfort\",\"description\":\"\",\"publisher\":{\"@id\":\"https:\/\/www.schneider-chauffeur.de\/fr\/#organization\"},\"potentialAction\":[{\"@type\":\"SearchAction\",\"target\":{\"@type\":\"EntryPoint\",\"urlTemplate\":\"https:\/\/www.schneider-chauffeur.de\/fr\/?s={search_term_string}\"},\"query-input\":{\"@type\":\"PropertyValueSpecification\",\"valueRequired\":true,\"valueName\":\"search_term_string\"}}],\"inLanguage\":\"fr-FR\"},{\"@type\":[\"Organization\",\"Place\"],\"@id\":\"https:\/\/www.schneider-chauffeur.de\/fr\/#organization\",\"name\":\"Schneider Chauffeurservice\",\"url\":\"https:\/\/www.schneider-chauffeur.de\/fr\/\",\"logo\":{\"@id\":\"https:\/\/www.schneider-chauffeur.de\/fr\/foires-et-evenements\/wire\/#local-main-organization-logo\"},\"image\":{\"@id\":\"https:\/\/www.schneider-chauffeur.de\/fr\/foires-et-evenements\/wire\/#local-main-organization-logo\"},\"sameAs\":[\"https:\/\/www.facebook.com\/SchneiderChauffeurservice\",\"https:\/\/www.linkedin.com\/company\/schneider-chauffeurservice\/\",\"https:\/\/www.instagram.com\/schneider_chauffeurservice\/\"],\"legalName\":\"Schneider Chauffeurservice\",\"numberOfEmployees\":{\"@type\":\"QuantitativeValue\",\"minValue\":\"11\",\"maxValue\":\"50\"},\"address\":{\"@id\":\"https:\/\/www.schneider-chauffeur.de\/fr\/foires-et-evenements\/wire\/#local-main-place-address\"},\"telephone\":[\"+49 20185892980\"],\"contactPoint\":{\"@type\":\"ContactPoint\",\"telephone\":\"+49 20185892980\",\"email\":\"info@schneider-chauffeur.de\"},\"openingHoursSpecification\":[{\"@type\":\"OpeningHoursSpecification\",\"dayOfWeek\":[\"Monday\",\"Tuesday\",\"Wednesday\",\"Thursday\",\"Friday\",\"Saturday\",\"Sunday\"],\"opens\":\"09:00\",\"closes\":\"17:00\"}],\"email\":\"info@schneider-chauffeur.de\",\"faxNumber\":\"Schneider Chauffeurservice\",\"areaServed\":\"Germany\"},{\"@type\":\"Person\",\"@id\":\"https:\/\/www.schneider-chauffeur.de\/fr\/#\/schema\/person\/b969da03d774af606ff2bd9744dbbfaa\",\"name\":\"Thomas Schneider\",\"image\":{\"@type\":\"ImageObject\",\"inLanguage\":\"fr-FR\",\"@id\":\"https:\/\/www.schneider-chauffeur.de\/fr\/#\/schema\/person\/image\/\",\"url\":\"https:\/\/www.schneider-chauffeur.de\/app\/litespeed\/avatar\/baf90a0ec8c00ca2761c5ee3829d0bbb.jpg?ver=1777114802\",\"contentUrl\":\"https:\/\/www.schneider-chauffeur.de\/app\/litespeed\/avatar\/baf90a0ec8c00ca2761c5ee3829d0bbb.jpg?ver=1777114802\",\"caption\":\"Thomas Schneider\"},\"sameAs\":[\"https:\/\/www.schneider-chauffeur.de\"]},{\"@type\":\"PostalAddress\",\"@id\":\"https:\/\/www.schneider-chauffeur.de\/fr\/foires-et-evenements\/wire\/#local-main-place-address\",\"streetAddress\":\"Hohenzollernstr. 24\",\"addressLocality\":\"Essen\",\"postalCode\":\"45128\",\"addressCountry\":\"DE\"},{\"@type\":\"ImageObject\",\"inLanguage\":\"fr-FR\",\"@id\":\"https:\/\/www.schneider-chauffeur.de\/fr\/foires-et-evenements\/wire\/#local-main-organization-logo\",\"url\":\"https:\/\/cdn.schneider-chauffeur.de\/app\/uploads\/2019\/08\/logo-schneider-chauffeur-service.svg\",\"contentUrl\":\"https:\/\/cdn.schneider-chauffeur.de\/app\/uploads\/2019\/08\/logo-schneider-chauffeur-service.svg\",\"caption\":\"Schneider Chauffeurservice\"}]}<\/script>\n<meta name=\"geo.placename\" content=\"Essen\" \/>\n<meta name=\"geo.region\" content=\"Germany\" \/>\n<!-- \/ Yoast SEO Premium plugin. -->","yoast_head_json":{"title":"Transfert du salon Wire D\u00fcsseldorf | 18.02.2025 - 20.02.2025 |","description":"R\u00e9servez d\u00e8s maintenant votre transfert pour le salon Wire D\u00fcsseldorf. Schneider Chauffeurservice vous conduit de et vers le salon Wire \u00e0 D\u00fcsseldorf. Demandez maintenant!","robots":{"index":"index","follow":"follow","max-snippet":"max-snippet:-1","max-image-preview":"max-image-preview:large","max-video-preview":"max-video-preview:-1"},"canonical":"https:\/\/www.schneider-chauffeur.de\/fr\/foires-et-evenements\/wire\/","og_locale":"fr_FR","og_type":"article","og_title":"Wire D\u00fcsseldorf | 18.02.2025 - 20.02.2025","og_description":"R\u00e9servez d\u00e8s maintenant votre transfert pour le salon Wire D\u00fcsseldorf. Schneider Chauffeurservice vous conduit de et vers le salon Wire \u00e0 D\u00fcsseldorf. Demandez maintenant!","og_url":"https:\/\/www.schneider-chauffeur.de\/fr\/foires-et-evenements\/wire\/","og_site_name":"Schneider Chauffeurservice \u2013 Gesch\u00e4ftsreisen mit h\u00f6chstem Komfort","article_publisher":"https:\/\/www.facebook.com\/SchneiderChauffeurservice","article_published_time":"2020-02-17T16:23:20+00:00","article_modified_time":"2024-08-29T15:12:10+00:00","og_image":[{"width":1229,"height":1648,"url":"https:\/\/www.schneider-chauffeur.de\/app\/uploads\/2022\/06\/wir1802_tm01_rgb01.gif","type":"image\/gif"}],"author":"Thomas Schneider","twitter_card":"summary_large_image","twitter_misc":{"Written by":"Thomas Schneider","Est. reading time":"3 minutes"},"schema":{"@context":"https:\/\/schema.org","@graph":[{"@type":"Article","@id":"https:\/\/www.schneider-chauffeur.de\/fr\/foires-et-evenements\/wire\/#article","isPartOf":{"@id":"https:\/\/www.schneider-chauffeur.de\/fr\/foires-et-evenements\/wire\/"},"author":{"name":"Thomas Schneider","@id":"https:\/\/www.schneider-chauffeur.de\/fr\/#\/schema\/person\/b969da03d774af606ff2bd9744dbbfaa"},"headline":"Wire D\u00fcsseldorf | 18.02.2025 &#8211; 20.02.2025","datePublished":"2020-02-17T16:23:20+00:00","dateModified":"2024-08-29T15:12:10+00:00","mainEntityOfPage":{"@id":"https:\/\/www.schneider-chauffeur.de\/fr\/foires-et-evenements\/wire\/"},"wordCount":391,"publisher":{"@id":"https:\/\/www.schneider-chauffeur.de\/fr\/#organization"},"image":{"@id":"https:\/\/www.schneider-chauffeur.de\/fr\/foires-et-evenements\/wire\/#primaryimage"},"thumbnailUrl":"https:\/\/cdn.schneider-chauffeur.de\/app\/uploads\/2022\/06\/wir1802_tm01_rgb01.gif","articleSection":["D\u00fcsseldorf","Foires et \u00e9v\u00e9nements"],"inLanguage":"fr-FR"},{"@type":"WebPage","@id":"https:\/\/www.schneider-chauffeur.de\/fr\/foires-et-evenements\/wire\/","url":"https:\/\/www.schneider-chauffeur.de\/fr\/foires-et-evenements\/wire\/","name":"Transfert du salon Wire D\u00fcsseldorf | 18.02.2025 - 20.02.2025 |","isPartOf":{"@id":"https:\/\/www.schneider-chauffeur.de\/fr\/#website"},"primaryImageOfPage":{"@id":"https:\/\/www.schneider-chauffeur.de\/fr\/foires-et-evenements\/wire\/#primaryimage"},"image":{"@id":"https:\/\/www.schneider-chauffeur.de\/fr\/foires-et-evenements\/wire\/#primaryimage"},"thumbnailUrl":"https:\/\/cdn.schneider-chauffeur.de\/app\/uploads\/2022\/06\/wir1802_tm01_rgb01.gif","datePublished":"2020-02-17T16:23:20+00:00","dateModified":"2024-08-29T15:12:10+00:00","description":"R\u00e9servez d\u00e8s maintenant votre transfert pour le salon Wire D\u00fcsseldorf. Schneider Chauffeurservice vous conduit de et vers le salon Wire \u00e0 D\u00fcsseldorf. Demandez maintenant!","breadcrumb":{"@id":"https:\/\/www.schneider-chauffeur.de\/fr\/foires-et-evenements\/wire\/#breadcrumb"},"inLanguage":"fr-FR","potentialAction":[{"@type":"ReadAction","target":["https:\/\/www.schneider-chauffeur.de\/fr\/foires-et-evenements\/wire\/"]}]},{"@type":"ImageObject","inLanguage":"fr-FR","@id":"https:\/\/www.schneider-chauffeur.de\/fr\/foires-et-evenements\/wire\/#primaryimage","url":"https:\/\/cdn.schneider-chauffeur.de\/app\/uploads\/2022\/06\/wir1802_tm01_rgb01.gif","contentUrl":"https:\/\/cdn.schneider-chauffeur.de\/app\/uploads\/2022\/06\/wir1802_tm01_rgb01.gif","width":1229,"height":1648,"caption":"Logo der wire D\u00fcsseldorf 2022"},{"@type":"BreadcrumbList","@id":"https:\/\/www.schneider-chauffeur.de\/fr\/foires-et-evenements\/wire\/#breadcrumb","itemListElement":[{"@type":"ListItem","position":1,"name":"Page d\u2019accueil","item":"https:\/\/www.schneider-chauffeur.de\/fr\/"},{"@type":"ListItem","position":2,"name":"Foires et \u00e9v\u00e9nements","item":"https:\/\/www.schneider-chauffeur.de\/fr\/foires-et-evenements\/"},{"@type":"ListItem","position":3,"name":"D\u00fcsseldorf","item":"https:\/\/www.schneider-chauffeur.de\/fr\/foires-et-evenements\/duesseldorf-fr\/"},{"@type":"ListItem","position":4,"name":"Wire D\u00fcsseldorf | 18.02.2025 &#8211; 20.02.2025"}]},{"@type":"WebSite","@id":"https:\/\/www.schneider-chauffeur.de\/fr\/#website","url":"https:\/\/www.schneider-chauffeur.de\/fr\/","name":"Schneider Chauffeurservice \u2013 Gesch\u00e4ftsreisen mit h\u00f6chstem Komfort","description":"","publisher":{"@id":"https:\/\/www.schneider-chauffeur.de\/fr\/#organization"},"potentialAction":[{"@type":"SearchAction","target":{"@type":"EntryPoint","urlTemplate":"https:\/\/www.schneider-chauffeur.de\/fr\/?s={search_term_string}"},"query-input":{"@type":"PropertyValueSpecification","valueRequired":true,"valueName":"search_term_string"}}],"inLanguage":"fr-FR"},{"@type":["Organization","Place"],"@id":"https:\/\/www.schneider-chauffeur.de\/fr\/#organization","name":"Schneider Chauffeurservice","url":"https:\/\/www.schneider-chauffeur.de\/fr\/","logo":{"@id":"https:\/\/www.schneider-chauffeur.de\/fr\/foires-et-evenements\/wire\/#local-main-organization-logo"},"image":{"@id":"https:\/\/www.schneider-chauffeur.de\/fr\/foires-et-evenements\/wire\/#local-main-organization-logo"},"sameAs":["https:\/\/www.facebook.com\/SchneiderChauffeurservice","https:\/\/www.linkedin.com\/company\/schneider-chauffeurservice\/","https:\/\/www.instagram.com\/schneider_chauffeurservice\/"],"legalName":"Schneider Chauffeurservice","numberOfEmployees":{"@type":"QuantitativeValue","minValue":"11","maxValue":"50"},"address":{"@id":"https:\/\/www.schneider-chauffeur.de\/fr\/foires-et-evenements\/wire\/#local-main-place-address"},"telephone":["+49 20185892980"],"contactPoint":{"@type":"ContactPoint","telephone":"+49 20185892980","email":"info@schneider-chauffeur.de"},"openingHoursSpecification":[{"@type":"OpeningHoursSpecification","dayOfWeek":["Monday","Tuesday","Wednesday","Thursday","Friday","Saturday","Sunday"],"opens":"09:00","closes":"17:00"}],"email":"info@schneider-chauffeur.de","faxNumber":"Schneider Chauffeurservice","areaServed":"Germany"},{"@type":"Person","@id":"https:\/\/www.schneider-chauffeur.de\/fr\/#\/schema\/person\/b969da03d774af606ff2bd9744dbbfaa","name":"Thomas Schneider","image":{"@type":"ImageObject","inLanguage":"fr-FR","@id":"https:\/\/www.schneider-chauffeur.de\/fr\/#\/schema\/person\/image\/","url":"https:\/\/www.schneider-chauffeur.de\/app\/litespeed\/avatar\/baf90a0ec8c00ca2761c5ee3829d0bbb.jpg?ver=1777114802","contentUrl":"https:\/\/www.schneider-chauffeur.de\/app\/litespeed\/avatar\/baf90a0ec8c00ca2761c5ee3829d0bbb.jpg?ver=1777114802","caption":"Thomas Schneider"},"sameAs":["https:\/\/www.schneider-chauffeur.de"]},{"@type":"PostalAddress","@id":"https:\/\/www.schneider-chauffeur.de\/fr\/foires-et-evenements\/wire\/#local-main-place-address","streetAddress":"Hohenzollernstr. 24","addressLocality":"Essen","postalCode":"45128","addressCountry":"DE"},{"@type":"ImageObject","inLanguage":"fr-FR","@id":"https:\/\/www.schneider-chauffeur.de\/fr\/foires-et-evenements\/wire\/#local-main-organization-logo","url":"https:\/\/cdn.schneider-chauffeur.de\/app\/uploads\/2019\/08\/logo-schneider-chauffeur-service.svg","contentUrl":"https:\/\/cdn.schneider-chauffeur.de\/app\/uploads\/2019\/08\/logo-schneider-chauffeur-service.svg","caption":"Schneider Chauffeurservice"}]},"geo.placename":"Essen","geo.region":"Germany"},"_links":{"self":[{"href":"https:\/\/www.schneider-chauffeur.de\/fr\/wp-json\/wp\/v2\/posts\/10054","targetHints":{"allow":["GET"]}}],"collection":[{"href":"https:\/\/www.schneider-chauffeur.de\/fr\/wp-json\/wp\/v2\/posts"}],"about":[{"href":"https:\/\/www.schneider-chauffeur.de\/fr\/wp-json\/wp\/v2\/types\/post"}],"author":[{"embeddable":true,"href":"https:\/\/www.schneider-chauffeur.de\/fr\/wp-json\/wp\/v2\/users\/3"}],"replies":[{"embeddable":true,"href":"https:\/\/www.schneider-chauffeur.de\/fr\/wp-json\/wp\/v2\/comments?post=10054"}],"version-history":[{"count":7,"href":"https:\/\/www.schneider-chauffeur.de\/fr\/wp-json\/wp\/v2\/posts\/10054\/revisions"}],"predecessor-version":[{"id":10056,"href":"https:\/\/www.schneider-chauffeur.de\/fr\/wp-json\/wp\/v2\/posts\/10054\/revisions\/10056"}],"wp:featuredmedia":[{"embeddable":true,"href":"https:\/\/www.schneider-chauffeur.de\/fr\/wp-json\/wp\/v2\/media\/9989"}],"wp:attachment":[{"href":"https:\/\/www.schneider-chauffeur.de\/fr\/wp-json\/wp\/v2\/media?parent=10054"}],"wp:term":[{"taxonomy":"category","embeddable":true,"href":"https:\/\/www.schneider-chauffeur.de\/fr\/wp-json\/wp\/v2\/categories?post=10054"},{"taxonomy":"post_tag","embeddable":true,"href":"https:\/\/www.schneider-chauffeur.de\/fr\/wp-json\/wp\/v2\/tags?post=10054"}],"curies":[{"name":"wp","href":"https:\/\/api.w.org\/{rel}","templated":true}]}}